{"id":687,"date":"2008-09-15T13:11:05","date_gmt":"2008-09-15T11:11:05","guid":{"rendered":"http:\/\/personlig-blogg"},"modified":"2008-09-15T13:11:05","modified_gmt":"2008-09-15T11:11:05","slug":"personlig-blogg","status":"publish","type":"post","link":"https:\/\/blog.skruttet.com\/?p=687","title":{"rendered":"Personlig blogg"},"content":{"rendered":"<p><a title=\"bloggen.fi\/skruttet\" href=\"http:\/\/bilder.bloggen.fi\/skruttet\/20080915131422.jpg\" rel=\"lytebox\"><img src=\"http:\/\/bilder.bloggen.fi\/skruttet\/thumb_20080915131422.jpg\" border=\"0\"><\/a><\/p>\n<p class=\"MsoNormal\">F\u00f6r&nbsp;b\u00e5de nytillkomna och \u201dgamla\u201d bloggl\u00e4sande \u00c4nglar:<\/p>\n<div class=\"MsoNormal\">N\u00e4r jag b\u00f6rjade blogga om endo s\u00e5 funderade jag mycket p\u00e5 hur jag skulle skriva f\u00f6r att vara personlig men inte privat. Jag ville och vill med min blogg ge en s\u00e5 tydlig bild som m\u00f6jligt av hur ett liv med endometrios <b>kan <\/b>se ut. Jag vill ge en bild av hur <b>mitt<\/b> liv p\u00e5verkas av att leva med denna kroniska sjukom. Jag vill ge en <span>&nbsp;<\/span>personlig bild av sjukomen dels f\u00f6r att den som \u00e4r drabbad ska f\u00e5 tips och r\u00e5d f\u00f6r att hantera sm\u00e4rtan och dels f\u00f6r att andra ska f\u00e5 en \u00f6kad inblick och d\u00e4rmed kanske \u00f6kad f\u00f6rst\u00e5elsef\u00f6r den som lever med sm\u00e4rta.<\/div>\n<p class=\"MsoNormal\">&nbsp;<\/p>\n<p class=\"MsoNormal\">Att ha endometrios ber\u00f6r ganska privata omr\u00e5den, det kan tyckas att jag har varit ganska \u00f6ppen i mina skriverier, men \u00e4r mycket viktig med att aldrig h\u00e4nga ut n\u00e5gon annan, kallar ju m\u00e4nnskor jag skriver om h\u00e4r p\u00e5 bloggen vid \u00c4nglanamn =)<\/p>\n<p class=\"MsoNormal\">&nbsp;<\/p>\n<p class=\"MsoNormal\">I mitt liv finns m\u00e5nga m\u00e5nga \u00c4nglar och&nbsp;mitt liv&nbsp;best\u00e5r inte bara av sm\u00e4rta, TV\u00c4RTOM, jag m\u00e5r mycket&nbsp;bra,&nbsp;men jag anv\u00e4nder min blogg f\u00f6r att hantera, bearbeta och orka med min \u00e4nnu periodvisa sm\u00e4rta. Det b\u00e4sta av allt \u00e4r att det funkar!! Livet blir l\u00e4ttare, jag har m\u00e4rkt att jag f\u00e5r mera ork kvar\/\u00f6ver till annat!<\/p>\n<p class=\"MsoNormal\">&nbsp;<\/p>\n<p class=\"MsoNormal\">&nbsp;<\/p>\n<p class=\"MsoNormal\"><b><u>H\u00e4r p\u00e5 min \u00c4nglablogg kan du l\u00e4sa om:<\/u><\/b><\/p>\n<p class=\"MsoNormal\">* Hur <b>kan<\/b> det vara n\u00e4r det sm\u00e4rta i h\u00f6g grad p\u00e5verkar livet?<\/p>\n<p class=\"MsoNormal\">* Vad kan du sj\u00e4lv g\u00f6ra f\u00f6r att lindra?<\/p>\n<p class=\"MsoNormal\">* L\u00e4r dig s\u00e4tta ord p\u00e5 sm\u00e4rtan \u2013 <b><span>&nbsp;<\/span>jag<\/b> <b>gjorde s\u00e5 h\u00e4r<\/b><\/p>\n<p class=\"MsoNormal\">* <b>Mina<\/b> tankar och k\u00e4nslor kring beslutet att genomg\u00e5 Hysterektomi<\/p>\n<p class=\"MsoNormal\">* Livet efter operationen.<\/p>\n<p class=\"MsoNormal\">* Psykiska aspekter \u2013 K\u00e4nslan av att vara ensam med sin sm\u00e4rta <\/p>\n<p class=\"MsoNormal\">* Sm\u00e4rthantering: Hitta fr\u00e5n m\u00f6rk drake till ljus \u00c4ngel \u2013 <b>Mitt s\u00e4tt<\/b><\/p>\n<p class=\"MsoNormal\">* Enkla tips,r\u00e5d &amp; knep \u2013 s\u00e5dana som jag hittat p\u00e5 sj\u00e4lv och som jag f\u00e5tt av \u00c4nglarna.<\/p>\n<p class=\"MsoNormal\">* Att hitta r\u00e4tt (hormon)behandling \u2013 D\u00e4r \u00e4r jag <b>nu<\/b>.<\/p>\n<p class=\"MsoNormal\">&nbsp;<\/p>\n<p class=\"MsoNormal\">Jag b\u00f6rjade blogga i Dec \u2013 06 och har levt med diagnosen Endometrios i 13 \u00e5r.<\/p>\n","protected":false},"excerpt":{"rendered":"<p>F\u00f6r&nbsp;b\u00e5de nytillkomna och \u201dgamla\u201d bloggl\u00e4sande \u00c4nglar: N\u00e4r jag b\u00f6rjade blogga om endo s\u00e5 funderade jag mycket p\u00e5 hur jag skulle skriva f\u00f6r att vara personlig men inte privat. Jag ville och vill med min blogg ge en s\u00e5 tydlig bild &hellip; <a href=\"https:\/\/blog.skruttet.com\/?p=687\">Forts\u00e4tt l\u00e4sa <span class=\"meta-nav\">&rarr;<\/span><\/a><\/p>\n","protected":false},"author":1,"featured_media":0,"comment_status":"open","ping_status":"open","sticky":false,"template":"","format":"standard","meta":[],"categories":[11,14],"tags":[],"_links":{"self":[{"href":"https:\/\/blog.skruttet.com\/index.php?rest_route=\/wp\/v2\/posts\/687"}],"collection":[{"href":"https:\/\/blog.skruttet.com\/index.php?rest_route=\/wp\/v2\/posts"}],"about":[{"href":"https:\/\/blog.skruttet.com\/index.php?rest_route=\/wp\/v2\/types\/post"}],"author":[{"embeddable":true,"href":"https:\/\/blog.skruttet.com\/index.php?rest_route=\/wp\/v2\/users\/1"}],"replies":[{"embeddable":true,"href":"https:\/\/blog.skruttet.com\/index.php?rest_route=%2Fwp%2Fv2%2Fcomments&post=687"}],"version-history":[{"count":0,"href":"https:\/\/blog.skruttet.com\/index.php?rest_route=\/wp\/v2\/posts\/687\/revisions"}],"wp:attachment":[{"href":"https:\/\/blog.skruttet.com\/index.php?rest_route=%2Fwp%2Fv2%2Fmedia&parent=687"}],"wp:term":[{"taxonomy":"category","embeddable":true,"href":"https:\/\/blog.skruttet.com\/index.php?rest_route=%2Fwp%2Fv2%2Fcategories&post=687"},{"taxonomy":"post_tag","embeddable":true,"href":"https:\/\/blog.skruttet.com\/index.php?rest_route=%2Fwp%2Fv2%2Ftags&post=687"}],"curies":[{"name":"wp","href":"https:\/\/api.w.org\/{rel}","templated":true}]}}