{"id":689,"date":"2008-09-18T12:08:40","date_gmt":"2008-09-18T10:08:40","guid":{"rendered":"http:\/\/kan-det-vara-endometrios"},"modified":"2008-09-18T12:08:40","modified_gmt":"2008-09-18T10:08:40","slug":"kan-det-vara-endometrios","status":"publish","type":"post","link":"https:\/\/blog.skruttet.com\/?p=689","title":{"rendered":"Kan det vara Endometrios???"},"content":{"rendered":"<p><a title=\"bloggen.fi\/skruttet\" href=\"http:\/\/bilder.bloggen.fi\/skruttet\/20080918120844.jpg\" rel=\"lytebox\"><img src=\"http:\/\/bilder.bloggen.fi\/skruttet\/thumb_20080918120844.jpg\" border=\"0\"><\/a><\/p>\n<p class=\"MsoNormal\">Jag minns:<\/p>\n<p class=\"MsoNormal\">Till en b\u00f6rjan hade jag ingen mensv\u00e4rk alls, ingenting, nada!!!<\/p>\n<p class=\"MsoNormal\">N\u00e4r jag sedan efter n\u00e5got \u00e5r b\u00f6rjade f\u00e5 ont s\u00e5 minns jag att jag i b\u00f6rjan trodde att det skulle vara s\u00e5!! Jag trodde att man&nbsp;kunde ha s\u00e5 att man vissa g\u00e5nger knappt kunde komma upp ur s\u00e4ngen, att det var normalt\u2026. <\/p>\n<p class=\"MsoNormal\">Fr\u00e5n att knappt haft n\u00e5gon v\u00e4rk alls, fick jag en helvetisk v\u00e4rk, f\u00f6rst med j\u00e4mna mellan rum, sedan allt oftare. Behandlades f\u00f6r sm\u00e4rtorna med P- piller, blev b\u00e4ttre f\u00f6r en kort period!!<\/p>\n<p class=\"MsoNormal\">(P-piller \u00e4r, f\u00f6r en del,&nbsp;en effektiv&nbsp;behandling mot endo) <\/p>\n<p class=\"MsoNormal\">&nbsp;<\/p>\n<p class=\"MsoNormal\">Vid denh\u00e4r tiden visste man inte mycket om endo, det sas att det var mest \u00e4ldre kvinnor som hade den! I dag vet man att det inte st\u00e4mmer, det \u00e4r en vanlig sjukdom bland unga kvinnor!<\/p>\n<p class=\"MsoNormal\">Jag gick med mina sm\u00e4rtor i flera \u00e5r, s\u00f6kte nog v\u00e5rd men man s\u00e5g inga fel.<\/p>\n<p class=\"MsoNormal\">&nbsp;<\/p>\n<p class=\"MsoNormal\">Jag vill s\u00e4ga:<\/p>\n<p class=\"MsoNormal\">Till dej <b>unga kvinna<\/b> som m\u00e4rkt att din <b>mensv\u00e4rk \u00e4ndrat karakt\u00e4r<\/b> (tex som f\u00f6r min del),<\/p>\n<p class=\"MsoNormal\">Till dig som \u00e4r <b>moder <\/b>med <b>onormalt kraftig mensv\u00e4rk:<\/b><\/p>\n<p class=\"MsoNormal\">&nbsp;<\/p>\n<p class=\"MsoNormal\">Vill jag s\u00e4ga:<\/p>\n<p class=\"MsoNormal\"><b>S\u00f6k hj\u00e4lp hos l\u00e4kare! <\/b><span>&nbsp;<\/span>Det <b>kan<\/b> vara endometrios! Ett <span>&nbsp;<\/span>m\u00e5nga g\u00e5nger, dock inte alltid ,sm\u00e4rtsamt helvete som det finns mycket bra behandling mot. Ju tidigare den uppt\u00e4ks desto l\u00e4ttare \u00e4r den att behandla. <\/p>\n<p class=\"MsoNormal\">&nbsp;<\/p>\n<p class=\"MsoNormal\"><b>Med r\u00e4tt behandling kan man leva ett mycket gott liv!! =)))<\/b><\/p>\n","protected":false},"excerpt":{"rendered":"<p>Jag minns: Till en b\u00f6rjan hade jag ingen mensv\u00e4rk alls, ingenting, nada!!! N\u00e4r jag sedan efter n\u00e5got \u00e5r b\u00f6rjade f\u00e5 ont s\u00e5 minns jag att jag i b\u00f6rjan trodde att det skulle vara s\u00e5!! Jag trodde att man&nbsp;kunde ha s\u00e5 &hellip; <a href=\"https:\/\/blog.skruttet.com\/?p=689\">Forts\u00e4tt l\u00e4sa <span class=\"meta-nav\">&rarr;<\/span><\/a><\/p>\n","protected":false},"author":1,"featured_media":0,"comment_status":"open","ping_status":"open","sticky":false,"template":"","format":"standard","meta":[],"categories":[11],"tags":[],"_links":{"self":[{"href":"https:\/\/blog.skruttet.com\/index.php?rest_route=\/wp\/v2\/posts\/689"}],"collection":[{"href":"https:\/\/blog.skruttet.com\/index.php?rest_route=\/wp\/v2\/posts"}],"about":[{"href":"https:\/\/blog.skruttet.com\/index.php?rest_route=\/wp\/v2\/types\/post"}],"author":[{"embeddable":true,"href":"https:\/\/blog.skruttet.com\/index.php?rest_route=\/wp\/v2\/users\/1"}],"replies":[{"embeddable":true,"href":"https:\/\/blog.skruttet.com\/index.php?rest_route=%2Fwp%2Fv2%2Fcomments&post=689"}],"version-history":[{"count":0,"href":"https:\/\/blog.skruttet.com\/index.php?rest_route=\/wp\/v2\/posts\/689\/revisions"}],"wp:attachment":[{"href":"https:\/\/blog.skruttet.com\/index.php?rest_route=%2Fwp%2Fv2%2Fmedia&parent=689"}],"wp:term":[{"taxonomy":"category","embeddable":true,"href":"https:\/\/blog.skruttet.com\/index.php?rest_route=%2Fwp%2Fv2%2Fcategories&post=689"},{"taxonomy":"post_tag","embeddable":true,"href":"https:\/\/blog.skruttet.com\/index.php?rest_route=%2Fwp%2Fv2%2Ftags&post=689"}],"curies":[{"name":"wp","href":"https:\/\/api.w.org\/{rel}","templated":true}]}}