{"id":691,"date":"2008-09-22T15:27:28","date_gmt":"2008-09-22T13:27:28","guid":{"rendered":"http:\/\/tredje-vanligaste"},"modified":"2008-09-22T15:27:28","modified_gmt":"2008-09-22T13:27:28","slug":"tredje-vanligaste","status":"publish","type":"post","link":"https:\/\/blog.skruttet.com\/?p=691","title":{"rendered":"Tredje vanligaste?!?"},"content":{"rendered":"<p><a title=\"bloggen.fi\/skruttet\" href=\"http:\/\/bilder.bloggen.fi\/skruttet\/20080922152711.jpg\" rel=\"lytebox\"><img src=\"http:\/\/bilder.bloggen.fi\/skruttet\/thumb_20080922152711.jpg\" border=\"0\"><\/a><\/p>\n<div>Nu har jag&nbsp;suttit och l\u00e4st p\u00e5 andra bloggar om Endometrios och det ber\u00e4ttas om l\u00e4kare som uttrycker sig om att man \u00e4r f\u00f6r ung f\u00f6r att ha endometrios och att man verkligen f\u00e5r k\u00e4mpa f\u00f6r att bli tagen p\u00e5 allvar. Att man ofta, som drabbad,&nbsp;f\u00e5r finna informationen&nbsp;sj\u00e4lv. <\/div>\n<div>&nbsp;<\/div>\n<div>Vad som \u00e4r \u00e4nnu mera orov\u00e4ckande \u00e4r att jag har upplevt genom \u00e5ren och f\u00e5r n\u00e4r jag l\u00e4ser k\u00e4nslan av att fast \u00e5ren g\u00e5r och forskning inom detta omr\u00e5de g\u00e5r fram\u00e5t s\u00e5 verkar det, generellt sett inte bli n\u00e5gon st\u00f6rre f\u00f6r\u00e4ndring vad g\u00e4ller bem\u00f6tandet av personer med Endometrios.<\/div>\n<div>&nbsp;<\/div>\n<div>Drar en l\u00e5ng suck f\u00f6r att det \u00e4r detta \u00e4r s\u00e5 bekant!!! Det \u00e4r ledsamt!!<\/div>\n<div>&nbsp;<\/div>\n<div>P\u00e5 n\u00e5gons blogg l\u00e4ste jag att Endometrios \u00e4r den <b>tredje vanligaste kvinnosjukdomen (!?!)<\/b>&nbsp;\u00c4nd\u00e5 existerar stor kunskapsbrist i ute samh\u00e4llet och inom v\u00e5rden&#8230;.. <\/div>\n<div>&nbsp;<\/div>\n<div>\u00c4nglar h\u00e5ll i mig, skr\u00e4mmande tanke!! Man blir ju r\u00e4dd!!!<\/div>\n","protected":false},"excerpt":{"rendered":"<p>Nu har jag&nbsp;suttit och l\u00e4st p\u00e5 andra bloggar om Endometrios och det ber\u00e4ttas om l\u00e4kare som uttrycker sig om att man \u00e4r f\u00f6r ung f\u00f6r att ha endometrios och att man verkligen f\u00e5r k\u00e4mpa f\u00f6r att bli tagen p\u00e5 allvar. &hellip; <a href=\"https:\/\/blog.skruttet.com\/?p=691\">Forts\u00e4tt l\u00e4sa <span class=\"meta-nav\">&rarr;<\/span><\/a><\/p>\n","protected":false},"author":1,"featured_media":0,"comment_status":"open","ping_status":"open","sticky":false,"template":"","format":"standard","meta":[],"categories":[11],"tags":[],"_links":{"self":[{"href":"https:\/\/blog.skruttet.com\/index.php?rest_route=\/wp\/v2\/posts\/691"}],"collection":[{"href":"https:\/\/blog.skruttet.com\/index.php?rest_route=\/wp\/v2\/posts"}],"about":[{"href":"https:\/\/blog.skruttet.com\/index.php?rest_route=\/wp\/v2\/types\/post"}],"author":[{"embeddable":true,"href":"https:\/\/blog.skruttet.com\/index.php?rest_route=\/wp\/v2\/users\/1"}],"replies":[{"embeddable":true,"href":"https:\/\/blog.skruttet.com\/index.php?rest_route=%2Fwp%2Fv2%2Fcomments&post=691"}],"version-history":[{"count":0,"href":"https:\/\/blog.skruttet.com\/index.php?rest_route=\/wp\/v2\/posts\/691\/revisions"}],"wp:attachment":[{"href":"https:\/\/blog.skruttet.com\/index.php?rest_route=%2Fwp%2Fv2%2Fmedia&parent=691"}],"wp:term":[{"taxonomy":"category","embeddable":true,"href":"https:\/\/blog.skruttet.com\/index.php?rest_route=%2Fwp%2Fv2%2Fcategories&post=691"},{"taxonomy":"post_tag","embeddable":true,"href":"https:\/\/blog.skruttet.com\/index.php?rest_route=%2Fwp%2Fv2%2Ftags&post=691"}],"curies":[{"name":"wp","href":"https:\/\/api.w.org\/{rel}","templated":true}]}}