{"id":705,"date":"2008-10-13T12:25:24","date_gmt":"2008-10-13T10:25:24","guid":{"rendered":"http:\/\/jaha"},"modified":"2008-10-13T12:25:24","modified_gmt":"2008-10-13T10:25:24","slug":"jaha","status":"publish","type":"post","link":"https:\/\/blog.skruttet.com\/?p=705","title":{"rendered":"Jaha&#8230;."},"content":{"rendered":"<p><a href='http:\/\/bilder.bloggen.fi\/skruttet\/20081013123344.jpg' rel='lytebox' title='bloggen.fi\/skruttet'><img src='http:\/\/bilder.bloggen.fi\/skruttet\/thumb_20081013123344.jpg' border='0' style='float:right;padding:2px;margin:2px'><\/a><\/p>\n<div>\u00c4nglaresan b\u00f6rjar n\u00e4rma sig sitt slut och&nbsp;i morgon \u00e4r det dags att \u00e5ter bege sig hemm\u00e5t. Hem till v\u00e5rt \u00c4nglapalats och den lurviga fyrbenta sambon =)<\/div>\n<div>&nbsp;<\/div>\n<div>Hem till f\u00f6rberedningarna f\u00f6r unders\u00f6kningen som ska g\u00f6ras.<\/div>\n<div>Inkommande fredag sover jag \u00e5ter en stund p\u00e5 den mjuka \u00c4nglab\u00e4dden.<\/div>\n<div>Jag k\u00e4nner p\u00e5 intet s\u00e4tt n\u00e5got obehag, inom mig finns ett lugn, ett positivt s\u00e5dant&#8230;=)<\/div>\n<div>Jag vet att om n\u00e5got hittas s\u00e5 g\u00f6r De v\u00e5rdande \u00c4nglarna sitt b\u00e4sta f\u00f6r att kunna hj\u00e4lpa ett litet Skrutt och hennes \u00e4lskade &lt;3-\u00c4ngel&#8230;.<\/div>\n<div>&nbsp;<\/div>\n<div>Jag har nu insett och accepterat det faktum att det kanske inte kan g\u00f6ras s\u00e5 mycket mera f\u00f6r att \u00e5stadkomma sm\u00e4rtfrihet&#8230;.<\/div>\n<div>Men f\u00f6r mig fungerar bloggen under s\u00e4mre perioder som en plats att skrika ut sm\u00e4rtan och som en l\u00e4nk till \u00c4nglarna, ljuset och sm\u00e4rtfriheten.<\/div>\n<div>&nbsp;<\/div>\n<div>Jag \u00e4r glad, mycket glad att jag&nbsp;nu m\u00e5tt och m\u00e5r&nbsp;s\u00e5pass bra att jag har kunnat g\u00f6ra allt som vi har t\u00e4nkt och sett fram emot s\u00e5!!<\/div>\n<div>&nbsp;<\/div>\n<div>Tack till er alla, ni \u00e4r \u00c4nglar med vingar av guld!!<\/div>\n<div>&nbsp;<\/div>\n<div>\u00c4nglakramar fr\u00e5n Skuttet och hennes &lt;3-\u00c4ngel<\/div>\n<div>&nbsp;<\/div>\n","protected":false},"excerpt":{"rendered":"<p>\u00c4nglaresan b\u00f6rjar n\u00e4rma sig sitt slut och&nbsp;i morgon \u00e4r det dags att \u00e5ter bege sig hemm\u00e5t. Hem till v\u00e5rt \u00c4nglapalats och den lurviga fyrbenta sambon =) &nbsp; Hem till f\u00f6rberedningarna f\u00f6r unders\u00f6kningen som ska g\u00f6ras. Inkommande fredag sover jag \u00e5ter &hellip; <a href=\"https:\/\/blog.skruttet.com\/?p=705\">Forts\u00e4tt l\u00e4sa <span class=\"meta-nav\">&rarr;<\/span><\/a><\/p>\n","protected":false},"author":1,"featured_media":0,"comment_status":"open","ping_status":"open","sticky":false,"template":"","format":"standard","meta":[],"categories":[10,11],"tags":[],"_links":{"self":[{"href":"https:\/\/blog.skruttet.com\/index.php?rest_route=\/wp\/v2\/posts\/705"}],"collection":[{"href":"https:\/\/blog.skruttet.com\/index.php?rest_route=\/wp\/v2\/posts"}],"about":[{"href":"https:\/\/blog.skruttet.com\/index.php?rest_route=\/wp\/v2\/types\/post"}],"author":[{"embeddable":true,"href":"https:\/\/blog.skruttet.com\/index.php?rest_route=\/wp\/v2\/users\/1"}],"replies":[{"embeddable":true,"href":"https:\/\/blog.skruttet.com\/index.php?rest_route=%2Fwp%2Fv2%2Fcomments&post=705"}],"version-history":[{"count":0,"href":"https:\/\/blog.skruttet.com\/index.php?rest_route=\/wp\/v2\/posts\/705\/revisions"}],"wp:attachment":[{"href":"https:\/\/blog.skruttet.com\/index.php?rest_route=%2Fwp%2Fv2%2Fmedia&parent=705"}],"wp:term":[{"taxonomy":"category","embeddable":true,"href":"https:\/\/blog.skruttet.com\/index.php?rest_route=%2Fwp%2Fv2%2Fcategories&post=705"},{"taxonomy":"post_tag","embeddable":true,"href":"https:\/\/blog.skruttet.com\/index.php?rest_route=%2Fwp%2Fv2%2Ftags&post=705"}],"curies":[{"name":"wp","href":"https:\/\/api.w.org\/{rel}","templated":true}]}}