{"id":713,"date":"2008-10-24T13:09:18","date_gmt":"2008-10-24T11:09:18","guid":{"rendered":"http:\/\/avslut"},"modified":"2008-10-24T13:09:18","modified_gmt":"2008-10-24T11:09:18","slug":"avslut","status":"publish","type":"post","link":"https:\/\/blog.skruttet.com\/?p=713","title":{"rendered":"Avslut&#8230;.."},"content":{"rendered":"<p><a title=\"bloggen.fi\/skruttet\" href=\"http:\/\/bilder.bloggen.fi\/skruttet\/20081024130926.jpg\" rel=\"lytebox\"><img src=\"http:\/\/bilder.bloggen.fi\/skruttet\/thumb_20081024130926.jpg\" border=\"0\"><\/a><\/p>\n<div>Hall\u00e5 alla \u00c4nglar!!<\/div>\n<div>I dag har jag en riktig bra dag!<\/div>\n<div>P\u00e5 senare tid har jag m\u00e4rkt att jag inte halkar lika l\u00e5ngt ner i vattenh\u00e5let under m\u00f6rka dagar, n\u00e5got har skett!! =) <\/div>\n<div>&nbsp;<\/div>\n<div>Jag har l\u00e4rt mig att hantera sm\u00e4rtans m\u00f6rker tror jag&#8230;. Vid senaste unders\u00f6kningen k\u00e4nde jag ingen r\u00e4dsla, bortsett fr\u00e5n att f\u00f6rberedelserna inte var s\u00e5 trevliga&#8230;. <\/div>\n<div>Ett annorlunda lugn spred sig i mitt inre och strax innan jag somnade tittade jag ner mot \u00e4ndan av s\u00e4ngen och log mot min \u00e4lskade &lt;3-\u00c4ngel&#8230;.<\/div>\n<div>&nbsp;<\/div>\n<div>N\u00e4r jag vaknade sade jag: <br \/>Jag har dr\u00f6mt om \u00c4nglar =)<\/div>\n<div>&nbsp;<\/div>\n<div>V\u00e4gen hit har varit l\u00e5ng, krokig&#8230; Den har inneburit t\u00e5rar i massor&#8230;.<\/div>\n<div>F\u00f6re jag opererade bort &#8221;Allt&#8221; s\u00e5 minns jag att tankarna cirkulerade runt hoppet om sm\u00e4rtfrihet, att \u00c4NTLIGEN bli fri fr\u00e5n den!! Visst blev jag mycket b\u00e4ttre! Men vad jag gl\u00f6mde i jakten p\u00e5 sm\u00e4rtfriheten var att &#8221;g\u00f6ra mig redo&#8221;, f\u00f6r den process det innebar f\u00f6r sj\u00e4len att radikaloperera mig&#8230;.<\/div>\n<div>&nbsp;<\/div>\n<div>Tillvaron blev tung n\u00e4r jag pl\u00f6tsligt blev medveten om hur stor f\u00f6r\u00e4ndring det faktiskt var (f\u00f6r mig)&#8230;. Med hormonsubstiutbehandling, svettskov&nbsp;osv&#8230;.<\/div>\n<div>Verkligheten f\u00f6ll likt en sten i huvudet p\u00e5 mig och jag f\u00f6ll platt s\u00e5 det bara small om det!! Rakt ner i det svarta h\u00e5let, ett svart h\u00e5l fyllt med vatten!!<\/div>\n<div>Jag trampade och trampade f\u00f6r att ta mig upp&#8230;. Jag tog mig upp&#8230; och f\u00f6ll igen&#8230;. Det skedde uprepade g\u00e5nger! Jag reste mig med hj\u00e4lp av \u00c4nglarna p\u00e5 och utan f\u00f6r bloggen!!! Tack, enormt TACK fr\u00e5n djupet av mitt \u00e4nglahj\u00e4rta!!<\/div>\n<div>&nbsp;<\/div>\n<div>Jag har g\u00e5tt i genom en enorm process och i onsdags n\u00e4r jag var till samtalskontakten; \u00c4ngeln med nyckeln till mitt huvud, s\u00e5 k\u00e4nde jag mig faktiskt s\u00e5 gott som f\u00e4rdig.<\/div>\n<div>&nbsp;<\/div>\n<div>I och med denna process uppt\u00e4ckte jag hur otroligt mycket jag \u00e4lskade att skriva och att kombinera bes\u00f6ken till \u00c4ngeln med nyckeln till mitt huvud med att blogga &#8211; skriva till \u00c4nglarna &#8211; som jag brukar t\u00e4nka, visade sig vara en v\u00e4lfungerande metod! Rekommenderas varmt!<\/div>\n<div>&nbsp;<\/div>\n<div>Tv\u00e5 tillf\u00e4llen har jag kvar att g\u00e5 till denna \u00c4ngel som jag regelbundet har tr\u00e4ffat under en relativt l\u00e5ng tid, sv\u00e5rt att minnas riktigt hur l\u00e4nge men \u00e5tminstone lika l\u00e4nge som \u00c4nglabloggen har funnits. Under dessa tillf\u00e4llen ska denna tid avrundas och jag ska ordentligt fundera efter hur det k\u00e4nns&#8230;. Om jag \u00e4r klar d\u00e5 avslutas terapin&#8230;<\/div>\n<div>&nbsp;<\/div>\n<div>Ja, om jag \u00e4r f\u00e4rdig, det f\u00e5r tiden utvisa&#8230;<\/div>\n<div>Men i dag&nbsp;\u00e4r jag&nbsp;tacksam f\u00f6r det liv jag har, jag har funnit min plats&#8221;min stol&#8221; i livet, jag k\u00e4nner mig hel, glad och har \u00e5ter skinn p\u00e5 n\u00e4san&#8230; Jag st\u00e5r p\u00e5 mig och k\u00e4mpar f\u00f6r min r\u00e4tt ang den kroniska sm\u00e4rtan och ett v\u00e4rdigt liv med den&#8230; <\/div>\n<div>&nbsp;<\/div>\n<div>Ett liv fyllt med livskvallit\u00e9t&#8230; Ja, det g\u00e5r det att f\u00e5, trots ett liv med m\u00f6rk, kronisk sm\u00e4rta! =)<\/div>\n<div>&nbsp;<\/div>\n<div>\u00c4nglakramar!!<\/div>\n","protected":false},"excerpt":{"rendered":"<p>Hall\u00e5 alla \u00c4nglar!! I dag har jag en riktig bra dag! P\u00e5 senare tid har jag m\u00e4rkt att jag inte halkar lika l\u00e5ngt ner i vattenh\u00e5let under m\u00f6rka dagar, n\u00e5got har skett!! =) &nbsp; Jag har l\u00e4rt mig att hantera &hellip; <a href=\"https:\/\/blog.skruttet.com\/?p=713\">Forts\u00e4tt l\u00e4sa <span class=\"meta-nav\">&rarr;<\/span><\/a><\/p>\n","protected":false},"author":1,"featured_media":0,"comment_status":"open","ping_status":"open","sticky":false,"template":"","format":"standard","meta":[],"categories":[11,14],"tags":[],"_links":{"self":[{"href":"https:\/\/blog.skruttet.com\/index.php?rest_route=\/wp\/v2\/posts\/713"}],"collection":[{"href":"https:\/\/blog.skruttet.com\/index.php?rest_route=\/wp\/v2\/posts"}],"about":[{"href":"https:\/\/blog.skruttet.com\/index.php?rest_route=\/wp\/v2\/types\/post"}],"author":[{"embeddable":true,"href":"https:\/\/blog.skruttet.com\/index.php?rest_route=\/wp\/v2\/users\/1"}],"replies":[{"embeddable":true,"href":"https:\/\/blog.skruttet.com\/index.php?rest_route=%2Fwp%2Fv2%2Fcomments&post=713"}],"version-history":[{"count":0,"href":"https:\/\/blog.skruttet.com\/index.php?rest_route=\/wp\/v2\/posts\/713\/revisions"}],"wp:attachment":[{"href":"https:\/\/blog.skruttet.com\/index.php?rest_route=%2Fwp%2Fv2%2Fmedia&parent=713"}],"wp:term":[{"taxonomy":"category","embeddable":true,"href":"https:\/\/blog.skruttet.com\/index.php?rest_route=%2Fwp%2Fv2%2Fcategories&post=713"},{"taxonomy":"post_tag","embeddable":true,"href":"https:\/\/blog.skruttet.com\/index.php?rest_route=%2Fwp%2Fv2%2Ftags&post=713"}],"curies":[{"name":"wp","href":"https:\/\/api.w.org\/{rel}","templated":true}]}}