{"id":716,"date":"2008-11-04T00:08:09","date_gmt":"2008-11-03T22:08:09","guid":{"rendered":"http:\/\/den-magiska-gr"},"modified":"2008-11-04T00:08:09","modified_gmt":"2008-11-03T22:08:09","slug":"den-magiska-gransen","status":"publish","type":"post","link":"https:\/\/blog.skruttet.com\/?p=716","title":{"rendered":"Den magiska gr\u00e4nsen&#8230;.."},"content":{"rendered":"<p><a title=\"bloggen.fi\/skruttet\" href=\"http:\/\/bilder.bloggen.fi\/skruttet\/20081104000805.jpg\" rel=\"lytebox\"><img src=\"http:\/\/bilder.bloggen.fi\/skruttet\/thumb_20081104000805.jpg\" border=\"0\"><\/a><\/p>\n<div>Hej hall\u00e5!<\/div>\n<div>F\u00f6r n\u00e5gra dagar sedan m\u00e4rkte jag att n\u00e5got b\u00f6rjade \u00e4ndras&#8230;.&nbsp; V\u00e4rmevallningarna b\u00f6rjade komma t\u00e4tare, jag b\u00f6rjade sova oroligt (m\u00e5nga uppvaknanden, n\u00e4rmare till t\u00e5rar&nbsp;och svag huvudv\u00e4rk&#8230;. Det \u00e4r symptom jag v\u00e4l k\u00e4nner till vid deth\u00e4r laget&#8230;. F\u00f6r lite hormon&#8230;. <\/div>\n<div>&nbsp;<\/div>\n<div>H\u00f6jde dosen lite grann. Nu k\u00e4nns det lite b\u00e4ttre, den magiska gr\u00e4nsen f\u00f6r min hormondosering tycks vara ca 8 &#8211; 10 veckor, sedan b\u00f6rjar kroppen protestera p\u00e5 n\u00e5got s\u00e4tt!<\/div>\n<div>&nbsp;<\/div>\n<div>Jag \u00e4r bara glad \u00f6ver att jag har l\u00e4rt mig k\u00e4nna igen kroppens signaler p\u00e5 n\u00e4r dosen beh\u00f6ver justeras s\u00e5 att jag inte beh\u00f6ver g\u00e5 och fundera p\u00e5 vad som \u00e4r p\u00e5 tok.<\/div>\n<div>&nbsp;<\/div>\n<div>Mindre;&nbsp;om, kanske,&nbsp;ifall att&#8230;.<\/div>\n<div>Mycket sk\u00f6nt \u00e4r det!!<\/div>\n<div>&nbsp;<\/div>\n<div>\u00c4nglakramar &amp; En god natt \u00f6nskar jag dig som kikar in!<\/div>\n","protected":false},"excerpt":{"rendered":"<p>Hej hall\u00e5! F\u00f6r n\u00e5gra dagar sedan m\u00e4rkte jag att n\u00e5got b\u00f6rjade \u00e4ndras&#8230;.&nbsp; V\u00e4rmevallningarna b\u00f6rjade komma t\u00e4tare, jag b\u00f6rjade sova oroligt (m\u00e5nga uppvaknanden, n\u00e4rmare till t\u00e5rar&nbsp;och svag huvudv\u00e4rk&#8230;. Det \u00e4r symptom jag v\u00e4l k\u00e4nner till vid deth\u00e4r laget&#8230;. F\u00f6r lite hormon&#8230;. &hellip; <a href=\"https:\/\/blog.skruttet.com\/?p=716\">Forts\u00e4tt l\u00e4sa <span class=\"meta-nav\">&rarr;<\/span><\/a><\/p>\n","protected":false},"author":1,"featured_media":0,"comment_status":"open","ping_status":"open","sticky":false,"template":"","format":"standard","meta":[],"categories":[9],"tags":[],"_links":{"self":[{"href":"https:\/\/blog.skruttet.com\/index.php?rest_route=\/wp\/v2\/posts\/716"}],"collection":[{"href":"https:\/\/blog.skruttet.com\/index.php?rest_route=\/wp\/v2\/posts"}],"about":[{"href":"https:\/\/blog.skruttet.com\/index.php?rest_route=\/wp\/v2\/types\/post"}],"author":[{"embeddable":true,"href":"https:\/\/blog.skruttet.com\/index.php?rest_route=\/wp\/v2\/users\/1"}],"replies":[{"embeddable":true,"href":"https:\/\/blog.skruttet.com\/index.php?rest_route=%2Fwp%2Fv2%2Fcomments&post=716"}],"version-history":[{"count":0,"href":"https:\/\/blog.skruttet.com\/index.php?rest_route=\/wp\/v2\/posts\/716\/revisions"}],"wp:attachment":[{"href":"https:\/\/blog.skruttet.com\/index.php?rest_route=%2Fwp%2Fv2%2Fmedia&parent=716"}],"wp:term":[{"taxonomy":"category","embeddable":true,"href":"https:\/\/blog.skruttet.com\/index.php?rest_route=%2Fwp%2Fv2%2Fcategories&post=716"},{"taxonomy":"post_tag","embeddable":true,"href":"https:\/\/blog.skruttet.com\/index.php?rest_route=%2Fwp%2Fv2%2Ftags&post=716"}],"curies":[{"name":"wp","href":"https:\/\/api.w.org\/{rel}","templated":true}]}}