{"id":721,"date":"2008-11-10T19:21:11","date_gmt":"2008-11-10T17:21:11","guid":{"rendered":"http:\/\/ber"},"modified":"2008-11-10T19:21:11","modified_gmt":"2008-11-10T17:21:11","slug":"beratta-eller-inte-beratta","status":"publish","type":"post","link":"https:\/\/blog.skruttet.com\/?p=721","title":{"rendered":"ber\u00e4tta eller inte ber\u00e4tta&#8230;"},"content":{"rendered":"<p><a title=\"bloggen.fi\/skruttet\" href=\"http:\/\/bilder.bloggen.fi\/skruttet\/20081110192628.jpg\" rel=\"lytebox\"><img src=\"http:\/\/bilder.bloggen.fi\/skruttet\/thumb_20081110192628.jpg\" border=\"0\"><\/a><\/p>\n<div>Tusen tankar cirklar i huvudet p\u00e5 mig och nu \u00e4r inte hum\u00f6ret det b\u00e4sta&#8230; Tur att jag vet att det \u00e4r pga hormonjusteringen! Det f\u00e5r mig att orka h\u00e5lla ut, det g\u00e5r \u00f6ver, det har ju gjort det f\u00f6rr!<\/div>\n<div>&nbsp;<\/div>\n<div>Men just nu: <\/div>\n<div>Jag gr\u00e5ter mycket, utan att egentligen veta varf\u00f6r! Kroppen k\u00e4nns olustig, jag sover ytligt och har mera ont.<\/div>\n<div>&nbsp;<\/div>\n<div>Vi hade trevligt i helgen! K\u00e4ndes s\u00e5 bra att kunna \/ att orka vara med! I bland f\u00e5r man betala lite f\u00f6r det roliga. S\u00e5 l\u00e4nge det roliga ger mera \u00e4n vad det tar s\u00e5 \u00e4r det ju OK.<\/div>\n<div>&nbsp;<\/div>\n<div>Men n\u00e5got jag ofta har t\u00e4nkt p\u00e5 \u00e4r hur mycket man ska ber\u00e4tta om sm\u00e4rtan och endon \u00e5t andra? Ska man s\u00e4ga n\u00e5got alls? Det \u00e4r&nbsp;fr\u00e5gor jag&nbsp;m\u00e5nga g\u00e5nger har st\u00e4llt mig sj\u00e4lv!<\/div>\n<div>Jag blir ju s\u00e5 lessen vid tex l\u00e4karbes\u00f6k som r\u00f6r endon, f\u00f6r allt som kan relateras till endon k\u00e4nns m\u00e5nga g\u00e5nger s\u00e5 hoppl\u00f6st&#8230;. <\/div>\n<div>Men jag skulle inte orka sj\u00e4lv heller! Att jag brukar ha ont i magen \u00e4r det m\u00e5nga som vet men orsaken till det beh\u00f6ver ju inte alla veta!<\/div>\n<div>&nbsp;<\/div>\n<div>Skulle jag f\u00e5 fr\u00e5gan om att <b>Ber\u00e4tta eller inte ber\u00e4tta om Endometriosen<\/b>, skulle jag svara <b>g\u00f6r lite b\u00e5de och<\/b>.<\/div>\n<div>&nbsp;<\/div>\n<div><b><u>Jag <\/u><\/b>g\u00f6r s\u00e5 h\u00e4r:<\/div>\n<div>Ett f\u00e5tal vet det mesta&nbsp;och s\u00e5 har jag \u00c4nglateamet (\u00c4nglarna i v\u00e5rden som tar hand om mig). Dom ger mig ju otroligt mycket hj\u00e4lp, men det \u00e4r ju inte dom som lever i min n\u00e4rhet. Att diskutera sm\u00e4rtan med regelbundna intervaller med familj och de n\u00e4rmaste v\u00e4nnerna kan vara en bra id\u00e9. Det \u00f6kar f\u00f6rst\u00e5rlsen kanske de inte f\u00f6rst\u00e5r&nbsp;till 100% (vilket man ej heller kan beg\u00e4ra) men st\u00f6det finns d\u00e4r. Och st\u00f6det fr\u00e5n n\u00e4ra och k\u00e4ra betyder massor!! Detta har jag skrivit om f\u00f6r en tid sedan, men det t\u00e5l att upprepas f\u00f6r utan&nbsp;st\u00f6det och insatserna fr\u00e5n de n\u00e4ra och k\u00e4ra \u00c4nglarna skulle nog inte jag orka! <\/div>\n<div>&nbsp;<\/div>\n<div>N\u00e5gon sa \u00e5t mig vid n\u00e5tt skede:<\/div>\n<div>Det \u00e4r l\u00e4tt att dela en v\u00e4ns gl\u00e4dje, men inte fullt lika l\u00e4tt att dela en sorg!<\/div>\n<div>&nbsp;<\/div>\n<div>S\u00e5&nbsp;sant!! <\/div>\n<div>Tack f\u00f6r den hj\u00e4lp och st\u00f6det&nbsp;ni ger!!!<\/div>\n<div>&nbsp;<\/div>\n<div>Ha en bra kv\u00e4ll, Tusen \u00c4nglakramar!!&nbsp;<\/div>\n","protected":false},"excerpt":{"rendered":"<p>Tusen tankar cirklar i huvudet p\u00e5 mig och nu \u00e4r inte hum\u00f6ret det b\u00e4sta&#8230; Tur att jag vet att det \u00e4r pga hormonjusteringen! Det f\u00e5r mig att orka h\u00e5lla ut, det g\u00e5r \u00f6ver, det har ju gjort det f\u00f6rr! &nbsp; &hellip; <a href=\"https:\/\/blog.skruttet.com\/?p=721\">Forts\u00e4tt l\u00e4sa <span class=\"meta-nav\">&rarr;<\/span><\/a><\/p>\n","protected":false},"author":1,"featured_media":0,"comment_status":"open","ping_status":"open","sticky":false,"template":"","format":"standard","meta":[],"categories":[11,14],"tags":[],"_links":{"self":[{"href":"https:\/\/blog.skruttet.com\/index.php?rest_route=\/wp\/v2\/posts\/721"}],"collection":[{"href":"https:\/\/blog.skruttet.com\/index.php?rest_route=\/wp\/v2\/posts"}],"about":[{"href":"https:\/\/blog.skruttet.com\/index.php?rest_route=\/wp\/v2\/types\/post"}],"author":[{"embeddable":true,"href":"https:\/\/blog.skruttet.com\/index.php?rest_route=\/wp\/v2\/users\/1"}],"replies":[{"embeddable":true,"href":"https:\/\/blog.skruttet.com\/index.php?rest_route=%2Fwp%2Fv2%2Fcomments&post=721"}],"version-history":[{"count":0,"href":"https:\/\/blog.skruttet.com\/index.php?rest_route=\/wp\/v2\/posts\/721\/revisions"}],"wp:attachment":[{"href":"https:\/\/blog.skruttet.com\/index.php?rest_route=%2Fwp%2Fv2%2Fmedia&parent=721"}],"wp:term":[{"taxonomy":"category","embeddable":true,"href":"https:\/\/blog.skruttet.com\/index.php?rest_route=%2Fwp%2Fv2%2Fcategories&post=721"},{"taxonomy":"post_tag","embeddable":true,"href":"https:\/\/blog.skruttet.com\/index.php?rest_route=%2Fwp%2Fv2%2Ftags&post=721"}],"curies":[{"name":"wp","href":"https:\/\/api.w.org\/{rel}","templated":true}]}}