{"id":744,"date":"2009-01-06T01:16:38","date_gmt":"2009-01-05T23:16:38","guid":{"rendered":"http:\/\/tankar-i-natten"},"modified":"2009-01-06T01:16:38","modified_gmt":"2009-01-05T23:16:38","slug":"tankar-i-natten","status":"publish","type":"post","link":"https:\/\/blog.skruttet.com\/?p=744","title":{"rendered":"Tankar i natten"},"content":{"rendered":"<p><a title=\"bloggen.fi\/skruttet\" href=\"http:\/\/bilder.bloggen.fi\/skruttet\/20090106011929.jpg\" rel=\"lytebox\"><img src=\"http:\/\/bilder.bloggen.fi\/skruttet\/thumb_20090106011929.jpg\" border=\"0\"><\/a><\/p>\n<div>Hej i natten&#8230;<\/div>\n<div>Sitter \u00e4nnu uppe &#8211; \u00e4r inte s\u00e4rskillt tr\u00f6tt. Jag njuter av tystnaden och lugnet i \u00c4nglapalatset. Ljusstaken st\u00e5r fortfarande i k\u00f6ksf\u00f6nstret, den f\u00e5r nog st\u00e5 d\u00e4r \u00e4nda till 20:nd dag knut.<\/div>\n<div>&nbsp;<\/div>\n<div>Jag k\u00e4nner mig mycket tillfreds med tillvaron i skrivande stund. Promenaden gjorde gott, likas\u00e5 de varma kramar jag b\u00e5de f\u00e5tt och givit under dagen!<\/div>\n<div>&nbsp;<\/div>\n<div>Under dagar d\u00e5 jag \u00e4r &#8221;hormonp\u00e5verkad&#8221; dvs grinig, sur och allm\u00e4nt gr\u00e5tig och dyllikt tackar jag alla underbara \u00c4nglar jag har runt omkring mig! <\/div>\n<div>Jag f\u00f6rs\u00f6ker in i det l\u00e4ngsta att bita mig i l\u00e4ppen&#8230; Att inte fr\u00e4sa, att inte vara on\u00f6dig, fast b\u00e5de kropp och sinne stundtals k\u00e4nns som en enda stor vulkan som bara \u00e4r sekunder i fr\u00e5n ett utbrott!!<\/div>\n<div>&nbsp;<\/div>\n<div>Jag \u00e4r inte l\u00e4tt att ha och g\u00f6ra med under dessa &#8211; klimakteriek\u00e4rringsperioder, det vet jag sj\u00e4lv. Jag f\u00f6rnekar inte det &#8211; men jag f\u00f6rs\u00f6ker att g\u00f6ra n\u00e5got \u00e5t det. Det handlar bara om tid och t\u00e5lamod &#8211; kroppen m\u00e5ste komma i balans igen och det \u00e4nda man kan g\u00f6ra \u00e4r att <b>v\u00e4nta.<\/b><\/p>\n<div>&nbsp;<\/div>\n<div>Till er alla underbara \u00c4nglar som hj\u00e4lper, st\u00f6ttar och finns d\u00e4r p\u00e5 ett eller annat s\u00e4tt &#8211; jag uppskattar nog hj\u00e4lpen och f\u00f6rst\u00e5elsen jag f\u00e5r enormt mycket. Jag \u00e4r bara s\u00e5 ruttet d\u00e5lig p\u00e5 att visa det!<\/div>\n<div>&nbsp;<\/div>\n<div>Jag \u00e4r ett litet Skrutt; som inte \u00e4r mer \u00e4n 3 \u00e4pplen h\u00f6g, men mitt hj\u00e4rta det \u00e4r stort och \u00f6mt &#8211; det \u00e4r varmt och det vill mina medm\u00e4nniskors b\u00e4sta!<\/div>\n<div>&nbsp;<\/div>\n<div>\u00c4nglakramar!<\/div>\n<\/div>\n","protected":false},"excerpt":{"rendered":"<p>Hej i natten&#8230; Sitter \u00e4nnu uppe &#8211; \u00e4r inte s\u00e4rskillt tr\u00f6tt. Jag njuter av tystnaden och lugnet i \u00c4nglapalatset. Ljusstaken st\u00e5r fortfarande i k\u00f6ksf\u00f6nstret, den f\u00e5r nog st\u00e5 d\u00e4r \u00e4nda till 20:nd dag knut. &nbsp; Jag k\u00e4nner mig mycket tillfreds &hellip; <a href=\"https:\/\/blog.skruttet.com\/?p=744\">Forts\u00e4tt l\u00e4sa <span class=\"meta-nav\">&rarr;<\/span><\/a><\/p>\n","protected":false},"author":1,"featured_media":0,"comment_status":"open","ping_status":"open","sticky":false,"template":"","format":"standard","meta":[],"categories":[9],"tags":[],"_links":{"self":[{"href":"https:\/\/blog.skruttet.com\/index.php?rest_route=\/wp\/v2\/posts\/744"}],"collection":[{"href":"https:\/\/blog.skruttet.com\/index.php?rest_route=\/wp\/v2\/posts"}],"about":[{"href":"https:\/\/blog.skruttet.com\/index.php?rest_route=\/wp\/v2\/types\/post"}],"author":[{"embeddable":true,"href":"https:\/\/blog.skruttet.com\/index.php?rest_route=\/wp\/v2\/users\/1"}],"replies":[{"embeddable":true,"href":"https:\/\/blog.skruttet.com\/index.php?rest_route=%2Fwp%2Fv2%2Fcomments&post=744"}],"version-history":[{"count":0,"href":"https:\/\/blog.skruttet.com\/index.php?rest_route=\/wp\/v2\/posts\/744\/revisions"}],"wp:attachment":[{"href":"https:\/\/blog.skruttet.com\/index.php?rest_route=%2Fwp%2Fv2%2Fmedia&parent=744"}],"wp:term":[{"taxonomy":"category","embeddable":true,"href":"https:\/\/blog.skruttet.com\/index.php?rest_route=%2Fwp%2Fv2%2Fcategories&post=744"},{"taxonomy":"post_tag","embeddable":true,"href":"https:\/\/blog.skruttet.com\/index.php?rest_route=%2Fwp%2Fv2%2Ftags&post=744"}],"curies":[{"name":"wp","href":"https:\/\/api.w.org\/{rel}","templated":true}]}}