{"id":749,"date":"2009-01-15T12:33:19","date_gmt":"2009-01-15T10:33:19","guid":{"rendered":"http:\/\/en-tankeblogg"},"modified":"2009-01-15T12:33:19","modified_gmt":"2009-01-15T10:33:19","slug":"en-tankeblogg","status":"publish","type":"post","link":"https:\/\/blog.skruttet.com\/?p=749","title":{"rendered":"En tankeblogg"},"content":{"rendered":"<p><a title=\"bloggen.fi\/skruttet\" href=\"http:\/\/bilder.bloggen.fi\/skruttet\/20090115123704.jpg\" rel=\"lytebox\"><img src=\"http:\/\/bilder.bloggen.fi\/skruttet\/thumb_20090115123704.jpg\" border=\"0\"><\/a><\/p>\n<div>Hall\u00e5 alla \u00c4nglar!!<\/div>\n<div>Har n\u00e5got av en t\u00e4nkar dag i dag, inget d\u00e5ligt i det, inga negativa tankar =)<\/div>\n<div>Under mitt bes\u00f6k hos \u00c4ngeln som nystar i mina tankar kom jag p\u00e5 mig sj\u00e4lv!<\/div>\n<div>Jag har \u00e5ter f\u00e5tt skinnet p\u00e5 n\u00e4san, jag lever och njuter f\u00f6r fullt! Jag skrev i ett inl\u00e4gg f\u00f6r ett bra tag sedan att: Jag lever som om varje dag skulle vara den sista. S\u00e5 lever jag \u00e4ven i dag och det kommer jag f\u00f6rmodligen att g\u00f6ra \u00e4ven i framtiden. Funderar inte s\u00e5 mycket p\u00e5 vad andra tycker och g\u00e5r dit hj\u00e4rtat b\u00e4r mig. Skrattar mycket och ofta =)<\/div>\n<div>&nbsp;<\/div>\n<div>Jag lyssnar p\u00e5 och hj\u00e4lper g\u00e4rna andra.&nbsp;Kanske jag inte alltid har s\u00e5 kloka r\u00e5d att ge, men ett lyssnande \u00f6ra \u00e4r ofta mera v\u00e4rt! <\/div>\n<div>Har under \u00e5ren tr\u00e4ffat \u00c4nglar av alla de sorter, b\u00e5de underbara och mindre bra. B\u00e4r i hj\u00e4rtat med mig dessa fullkommligt underbara \u00c4nglarna, de mindre bra l\u00e4mnar jag f\u00f6rst\u00e5s d\u00e4rh\u00e4n.<\/div>\n<div>Dom klarar jag mig utan!<\/div>\n<div>&nbsp;<\/div>\n<div>Jag s\u00e4ger best\u00e4mt ifr\u00e5n om det \u00e4r n\u00e5got jag inte vill. Blir inte l\u00e4ngre ifr\u00e5gasatt d\u00e5&nbsp;De v\u00e5rdande \u00c4nglarna bes\u00f6ks!&nbsp;Kr\u00e4ver gott bem\u00f6tande&nbsp;och kunnande inom v\u00e5rden. F\u00e5r man inte hj\u00e4lp av den v\u00e5rdande \u00c4ngel man bes\u00f6ker, ska man remitteras vidare utan allt f\u00f6r m\u00e5nga v\u00e4nta och se!<\/div>\n<div>Att g\u00e5 runt och ha ont \u00e4r en otroligt stor p\u00e5frestning b\u00e5de fysiskt och psykiskt, det kan f\u00f6rst\u00f6ra ett helt liv!<\/div>\n<div>&nbsp;<\/div>\n<div><b>Ta sm\u00e4rta p\u00e5 allvar! Det \u00e4r kroppens varningssignal att n\u00e5got \u00e4r fel!<\/b><\/div>\n<div align=\"center\">&nbsp;<i><b>men<\/b><\/i><\/div>\n<div>&nbsp;<\/div>\n<div>L\u00e5t inte din sm\u00e4rta ta ditt liv &#8211; l\u00e4r ditt liv ta din sm\u00e4rta!<\/div>\n<div>&nbsp;<\/div>\n","protected":false},"excerpt":{"rendered":"<p>Hall\u00e5 alla \u00c4nglar!! Har n\u00e5got av en t\u00e4nkar dag i dag, inget d\u00e5ligt i det, inga negativa tankar =) Under mitt bes\u00f6k hos \u00c4ngeln som nystar i mina tankar kom jag p\u00e5 mig sj\u00e4lv! Jag har \u00e5ter f\u00e5tt skinnet p\u00e5 &hellip; <a href=\"https:\/\/blog.skruttet.com\/?p=749\">Forts\u00e4tt l\u00e4sa <span class=\"meta-nav\">&rarr;<\/span><\/a><\/p>\n","protected":false},"author":1,"featured_media":0,"comment_status":"open","ping_status":"open","sticky":false,"template":"","format":"standard","meta":[],"categories":[14],"tags":[],"_links":{"self":[{"href":"https:\/\/blog.skruttet.com\/index.php?rest_route=\/wp\/v2\/posts\/749"}],"collection":[{"href":"https:\/\/blog.skruttet.com\/index.php?rest_route=\/wp\/v2\/posts"}],"about":[{"href":"https:\/\/blog.skruttet.com\/index.php?rest_route=\/wp\/v2\/types\/post"}],"author":[{"embeddable":true,"href":"https:\/\/blog.skruttet.com\/index.php?rest_route=\/wp\/v2\/users\/1"}],"replies":[{"embeddable":true,"href":"https:\/\/blog.skruttet.com\/index.php?rest_route=%2Fwp%2Fv2%2Fcomments&post=749"}],"version-history":[{"count":0,"href":"https:\/\/blog.skruttet.com\/index.php?rest_route=\/wp\/v2\/posts\/749\/revisions"}],"wp:attachment":[{"href":"https:\/\/blog.skruttet.com\/index.php?rest_route=%2Fwp%2Fv2%2Fmedia&parent=749"}],"wp:term":[{"taxonomy":"category","embeddable":true,"href":"https:\/\/blog.skruttet.com\/index.php?rest_route=%2Fwp%2Fv2%2Fcategories&post=749"},{"taxonomy":"post_tag","embeddable":true,"href":"https:\/\/blog.skruttet.com\/index.php?rest_route=%2Fwp%2Fv2%2Ftags&post=749"}],"curies":[{"name":"wp","href":"https:\/\/api.w.org\/{rel}","templated":true}]}}