{"id":750,"date":"2009-01-17T13:28:09","date_gmt":"2009-01-17T11:28:09","guid":{"rendered":"http:\/\/mera-ord-fr"},"modified":"2009-01-17T13:28:09","modified_gmt":"2009-01-17T11:28:09","slug":"mera-ord-frayn-ett-tankande-skrutt","status":"publish","type":"post","link":"https:\/\/blog.skruttet.com\/?p=750","title":{"rendered":"Mera ord fr\u00e5n ett t\u00e4nkande Skrutt"},"content":{"rendered":"<p><a href='http:\/\/bilder.bloggen.fi\/skruttet\/20090117133047.jpg' rel='lytebox' title='bloggen.fi\/skruttet'><img src='http:\/\/bilder.bloggen.fi\/skruttet\/thumb_20090117133047.jpg' border='0' style='float:right;padding:2px;margin:2px'><\/a><\/p>\n<div>Hej hopp alla \u00c4nglar!!<\/div>\n<div>I natt har jag sovit riktigt gott!! Detta trots att jag lade mig r\u00e4tt sent. <\/div>\n<div>S\u00f6mn \u00e4r n\u00e5got som jag tydligen inte beh\u00f6ver s\u00e5 mycket av. Jag klarar mig med n\u00e5gra timmars s\u00f6mn per natt.<\/div>\n<div>&nbsp;<\/div>\n<div>Min kropp blev van med att jag sov endast n\u00e5gra timmar per natt under den tid d\u00e5 draken h\u00e4rjade som v\u00e4rst&#8230;. Sedan kommer en period d\u00e5 jag sover lite mera&#8230; Precis som f\u00f6rr, det sitter kvar!<\/div>\n<div>&nbsp;<\/div>\n<div>Jag funderar&#8230;. Vad finns kvar att arbeta med vad g\u00e4ller sm\u00e4rtan?<\/div>\n<div>Som jag skrev tidigare har jag i m\u00e5ngt och mycket f\u00f6rsonats med den&#8230; Draken finns kvar &#8211; den br\u00e4nner mig i bland &#8211; jag vajar till, men faller ytterst s\u00e4llan! Jag avst\u00e5r aldrig helt fr\u00e5n planerade saker pga draken&#8230; Medicinerar och g\u00f6r som planerat, d\u00e4remot kanske inte lika l\u00e4nge eller i samma utstr\u00e4kning som jag skulle gjort om draken skulle ha l\u00e4mnat mig og\u00e4stad&#8230;.<\/div>\n<div>&nbsp;<\/div>\n<div>Detta att fullf\u00f6lja kan kanske l\u00e5ta dumt &#8211;&nbsp;att inte vila i st\u00e4llet. Men det \u00e4r otroligt viktigt att g\u00f6ra det!! Det har stor betydelse f\u00f6r det psykiska m\u00e5eendet inte minst. Fullf\u00f6ljer man \u00e5tminstone till en viss del &#8211; kan man k\u00e4nna gl\u00e4dje och f\u00e5 styrka i fr\u00e5n att man var med p\u00e5 n\u00e5got, om s\u00e5 bara f\u00f6r en liten stund. <\/div>\n<div>&nbsp;<\/div>\n<div>\u00c5ren med draken som intensiv g\u00e4st har inte bara varit negativt! Visst har det varit jobbigt, men jag har l\u00e4rt mig otroligt mycket ocks\u00e5!! <\/div>\n<div>&nbsp;<\/div>\n<div>&#8221;Det som inte d\u00f6dar dig &#8211; det g\u00f6r dig&#8221;<\/div>\n<div>&nbsp;<\/div>\n<div>S\u00e5 sant =)<\/div>\n<div>Ha en bra l\u00f6rdag&#8230;.<\/div>\n<div>\u00c4nglakramar!!<\/div>\n","protected":false},"excerpt":{"rendered":"<p>Hej hopp alla \u00c4nglar!! I natt har jag sovit riktigt gott!! Detta trots att jag lade mig r\u00e4tt sent. S\u00f6mn \u00e4r n\u00e5got som jag tydligen inte beh\u00f6ver s\u00e5 mycket av. Jag klarar mig med n\u00e5gra timmars s\u00f6mn per natt. &nbsp; &hellip; <a href=\"https:\/\/blog.skruttet.com\/?p=750\">Forts\u00e4tt l\u00e4sa <span class=\"meta-nav\">&rarr;<\/span><\/a><\/p>\n","protected":false},"author":1,"featured_media":0,"comment_status":"open","ping_status":"open","sticky":false,"template":"","format":"standard","meta":[],"categories":[14],"tags":[],"_links":{"self":[{"href":"https:\/\/blog.skruttet.com\/index.php?rest_route=\/wp\/v2\/posts\/750"}],"collection":[{"href":"https:\/\/blog.skruttet.com\/index.php?rest_route=\/wp\/v2\/posts"}],"about":[{"href":"https:\/\/blog.skruttet.com\/index.php?rest_route=\/wp\/v2\/types\/post"}],"author":[{"embeddable":true,"href":"https:\/\/blog.skruttet.com\/index.php?rest_route=\/wp\/v2\/users\/1"}],"replies":[{"embeddable":true,"href":"https:\/\/blog.skruttet.com\/index.php?rest_route=%2Fwp%2Fv2%2Fcomments&post=750"}],"version-history":[{"count":0,"href":"https:\/\/blog.skruttet.com\/index.php?rest_route=\/wp\/v2\/posts\/750\/revisions"}],"wp:attachment":[{"href":"https:\/\/blog.skruttet.com\/index.php?rest_route=%2Fwp%2Fv2%2Fmedia&parent=750"}],"wp:term":[{"taxonomy":"category","embeddable":true,"href":"https:\/\/blog.skruttet.com\/index.php?rest_route=%2Fwp%2Fv2%2Fcategories&post=750"},{"taxonomy":"post_tag","embeddable":true,"href":"https:\/\/blog.skruttet.com\/index.php?rest_route=%2Fwp%2Fv2%2Ftags&post=750"}],"curies":[{"name":"wp","href":"https:\/\/api.w.org\/{rel}","templated":true}]}}