{"id":756,"date":"2009-01-26T01:42:17","date_gmt":"2009-01-25T23:42:17","guid":{"rendered":"http:\/\/olika-faser"},"modified":"2009-01-26T01:42:17","modified_gmt":"2009-01-25T23:42:17","slug":"olika-faser","status":"publish","type":"post","link":"https:\/\/blog.skruttet.com\/?p=756","title":{"rendered":"Olika faser&#8230;..??"},"content":{"rendered":"<p><a title=\"bloggen.fi\/skruttet\" href=\"http:\/\/bilder.bloggen.fi\/skruttet\/20090126014153.jpg\" rel=\"lytebox\"><img src=\"http:\/\/bilder.bloggen.fi\/skruttet\/thumb_20090126014153.jpg\" border=\"0\"><\/a><\/p>\n<div>Hej alla \u00c4nglar!<\/div>\n<div>Har sv\u00e5rt att sova s\u00e5 skriver en stund&#8230;<\/div>\n<div>Under dagen har jag blivit mera medveten&#8230; Medveten om ett m\u00f6nster vad g\u00e4ller sm\u00e4rtan&#8230; Det \u00e4r som om jag skulle g\u00e5 igenom olika &#8221;faser&#8221;&#8230;.<\/div>\n<div>&nbsp;<\/div>\n<div>F\u00f6rst har jag ONT&#8230;. Och k\u00e4mpar tillsammans med \u00c4nglarna f\u00f6r att draken ska sluta spruta sin br\u00e4nnheta eld \u00f6ver mig&#8230;<\/div>\n<div>&nbsp;<\/div>\n<div>N\u00e4r draken sedan drar sig tillbaka, k\u00e4nner jag mig tr\u00f6tt och ganska tomt p\u00e5 energi. Men oerh\u00f6rt glad \u00f6ver att det lugnat sig. <\/div>\n<div>&nbsp;<\/div>\n<div>Sedan kommer t\u00e5rar&#8230;. Jag blir lessen \u00f6ver att trots att det har gjort&nbsp;s\u00e5 mycket f\u00f6r att bek\u00e4mpa draken p\u00e5 b\u00e4sta m\u00f6jliga s\u00e4tt, s\u00e5 blir den s\u00e5\u00e5 f\u00f6rbenat ilsken i bland. D\u00e5 k\u00e4nns tillvaron&nbsp;ganska hoppl\u00f6s.Jag vacklar till och&nbsp;st\u00e4ller mig fr\u00e5gan. Varf\u00f6r \u00e4r det s\u00e5 h\u00e4r? Vad kan&nbsp;vi g\u00f6ra mera f\u00f6r att &nbsp;h\u00e5lla draken p\u00e5 avst\u00e5nd.<\/div>\n<div>Under denna tid har jag ocks\u00e5 sv\u00e5rare med n\u00e4rhet&#8230;.. Jag vill vara f\u00f6r mig sj\u00e4lv,k\u00e4nner mig os\u00e4ker, \u00e4r ofta grinig, allt \u00e4r bara fel&nbsp;och&nbsp;jagk\u00e4nner mig inte alls speciellt kramgo&#8230; <\/div>\n<div>&nbsp;<\/div>\n<div>Jag som annars fullkomligt \u00e4lskar att kramas och bli kramad!!!!<\/div>\n<div>&nbsp;<\/div>\n<div>Men efter n\u00e5gra dagar \u00e4r jag \u00e5ter det glada Skrutt som tar f\u00f6r sig, skrattar och njuter av livet!!<\/div>\n<div>&nbsp;<\/div>\n<div>Varf\u00f6r dessa faser undrar jag?<\/div>\n<div>&nbsp;<\/div>\n<div>Nu dax att sova&#8230;. Godnatt!!!<\/div>\n<div>&nbsp;<\/div>\n","protected":false},"excerpt":{"rendered":"<p>Hej alla \u00c4nglar! Har sv\u00e5rt att sova s\u00e5 skriver en stund&#8230; Under dagen har jag blivit mera medveten&#8230; Medveten om ett m\u00f6nster vad g\u00e4ller sm\u00e4rtan&#8230; Det \u00e4r som om jag skulle g\u00e5 igenom olika &#8221;faser&#8221;&#8230;. &nbsp; F\u00f6rst har jag ONT&#8230;. &hellip; <a href=\"https:\/\/blog.skruttet.com\/?p=756\">Forts\u00e4tt l\u00e4sa <span class=\"meta-nav\">&rarr;<\/span><\/a><\/p>\n","protected":false},"author":1,"featured_media":0,"comment_status":"open","ping_status":"open","sticky":false,"template":"","format":"standard","meta":[],"categories":[9],"tags":[],"_links":{"self":[{"href":"https:\/\/blog.skruttet.com\/index.php?rest_route=\/wp\/v2\/posts\/756"}],"collection":[{"href":"https:\/\/blog.skruttet.com\/index.php?rest_route=\/wp\/v2\/posts"}],"about":[{"href":"https:\/\/blog.skruttet.com\/index.php?rest_route=\/wp\/v2\/types\/post"}],"author":[{"embeddable":true,"href":"https:\/\/blog.skruttet.com\/index.php?rest_route=\/wp\/v2\/users\/1"}],"replies":[{"embeddable":true,"href":"https:\/\/blog.skruttet.com\/index.php?rest_route=%2Fwp%2Fv2%2Fcomments&post=756"}],"version-history":[{"count":0,"href":"https:\/\/blog.skruttet.com\/index.php?rest_route=\/wp\/v2\/posts\/756\/revisions"}],"wp:attachment":[{"href":"https:\/\/blog.skruttet.com\/index.php?rest_route=%2Fwp%2Fv2%2Fmedia&parent=756"}],"wp:term":[{"taxonomy":"category","embeddable":true,"href":"https:\/\/blog.skruttet.com\/index.php?rest_route=%2Fwp%2Fv2%2Fcategories&post=756"},{"taxonomy":"post_tag","embeddable":true,"href":"https:\/\/blog.skruttet.com\/index.php?rest_route=%2Fwp%2Fv2%2Ftags&post=756"}],"curies":[{"name":"wp","href":"https:\/\/api.w.org\/{rel}","templated":true}]}}