{"id":757,"date":"2009-01-27T00:09:23","date_gmt":"2009-01-26T22:09:23","guid":{"rendered":"http:\/\/ler"},"modified":"2009-01-27T00:09:23","modified_gmt":"2009-01-26T22:09:23","slug":"ler","status":"publish","type":"post","link":"https:\/\/blog.skruttet.com\/?p=757","title":{"rendered":"Ler!"},"content":{"rendered":"<p><a href='http:\/\/bilder.bloggen.fi\/skruttet\/20090127000906.jpg' rel='lytebox' title='bloggen.fi\/skruttet'><img src='http:\/\/bilder.bloggen.fi\/skruttet\/thumb_20090127000906.jpg' border='0' style='float:right;padding:2px;margin:2px'><\/a><\/p>\n<div>Godkv\u00e4ll alla \u00c4nglar!!<\/div>\n<div>En sk\u00f6n dag har det varit idag. En riktigt fin dag!<\/div>\n<div>I dag bes\u00f6kte jag Den behandlande \u00c4ngeln, sk\u00f6nt med tr\u00e4ning&#8230;. Lite l\u00e4ttare, lugnare s\u00e5dan i dag.<\/div>\n<div>&nbsp;<\/div>\n<div>Sedan en tr\u00e4ff med trevliga m\u00e4nniskor, en kaffestund som var menad att bli kort men som blev l\u00e5ng, fylld med trevliga samtals\u00e4mnen och m\u00e5nga goda skratt =))<\/div>\n<div>&nbsp;<\/div>\n<div>Jag fortsatte dagen med ett bes\u00f6k till simhallen. Oj vad bra det k\u00e4ndes att f\u00e5 str\u00e4cka ut armar och ben! Bara simma i lugn takt&#8230; L\u00e5ta tankarna fl\u00f6da&#8230;. Lite kan betyda s\u00e5 mycket!!!<\/div>\n<div>&nbsp;<\/div>\n<div>I dag k\u00e4nner jag mig inte ledsen utan jag gl\u00e4djs verkligen \u00e5t det jag har! Alla dagar kan ju inte vara fyllda med solsken, det m\u00e5ste ju regna lite ibland \u00e5x\u00e5&#8230;<\/div>\n<div>Men efter n\u00e5gra lite m\u00f6rkare dagar \u00e4r nu ljuset h\u00e4r igen!! *ler*<\/div>\n<div>&nbsp;<\/div>\n<div>Sk\u00f6nt!!<\/div>\n<div>Nu dags att sova!! \u00c4nglakramar i natten!<\/div>\n<div>Vem \u00e4r det som kniper sidladdning 88888???<\/div>\n","protected":false},"excerpt":{"rendered":"<p>Godkv\u00e4ll alla \u00c4nglar!! En sk\u00f6n dag har det varit idag. En riktigt fin dag! I dag bes\u00f6kte jag Den behandlande \u00c4ngeln, sk\u00f6nt med tr\u00e4ning&#8230;. Lite l\u00e4ttare, lugnare s\u00e5dan i dag. &nbsp; Sedan en tr\u00e4ff med trevliga m\u00e4nniskor, en kaffestund som &hellip; <a href=\"https:\/\/blog.skruttet.com\/?p=757\">Forts\u00e4tt l\u00e4sa <span class=\"meta-nav\">&rarr;<\/span><\/a><\/p>\n","protected":false},"author":1,"featured_media":0,"comment_status":"open","ping_status":"open","sticky":false,"template":"","format":"standard","meta":[],"categories":[9],"tags":[],"_links":{"self":[{"href":"https:\/\/blog.skruttet.com\/index.php?rest_route=\/wp\/v2\/posts\/757"}],"collection":[{"href":"https:\/\/blog.skruttet.com\/index.php?rest_route=\/wp\/v2\/posts"}],"about":[{"href":"https:\/\/blog.skruttet.com\/index.php?rest_route=\/wp\/v2\/types\/post"}],"author":[{"embeddable":true,"href":"https:\/\/blog.skruttet.com\/index.php?rest_route=\/wp\/v2\/users\/1"}],"replies":[{"embeddable":true,"href":"https:\/\/blog.skruttet.com\/index.php?rest_route=%2Fwp%2Fv2%2Fcomments&post=757"}],"version-history":[{"count":0,"href":"https:\/\/blog.skruttet.com\/index.php?rest_route=\/wp\/v2\/posts\/757\/revisions"}],"wp:attachment":[{"href":"https:\/\/blog.skruttet.com\/index.php?rest_route=%2Fwp%2Fv2%2Fmedia&parent=757"}],"wp:term":[{"taxonomy":"category","embeddable":true,"href":"https:\/\/blog.skruttet.com\/index.php?rest_route=%2Fwp%2Fv2%2Fcategories&post=757"},{"taxonomy":"post_tag","embeddable":true,"href":"https:\/\/blog.skruttet.com\/index.php?rest_route=%2Fwp%2Fv2%2Ftags&post=757"}],"curies":[{"name":"wp","href":"https:\/\/api.w.org\/{rel}","templated":true}]}}