{"id":760,"date":"2009-01-29T17:30:44","date_gmt":"2009-01-29T15:30:44","guid":{"rendered":"http:\/\/tyst-"},"modified":"2009-01-29T17:30:44","modified_gmt":"2009-01-29T15:30:44","slug":"tyst-amsesidig-farstayelse","status":"publish","type":"post","link":"https:\/\/blog.skruttet.com\/?p=760","title":{"rendered":"Tyst, \u00f6msesidig f\u00f6rst\u00e5else."},"content":{"rendered":"<p><a title=\"bloggen.fi\/skruttet\" href=\"http:\/\/bilder.bloggen.fi\/skruttet\/20090129173036.JPG\" rel=\"lytebox\"><img src=\"http:\/\/bilder.bloggen.fi\/skruttet\/thumb_20090129173036.JPG\" border=\"0\"><\/a><\/p>\n<div>Hall\u00e5 alla \u00c4nglar!<\/div>\n<div>Allt v\u00e4l i \u00c4nglapalatset i dag.<\/div>\n<div>&nbsp;<\/div>\n<div>Har varit hemma hela dagen i dag, t\u00e4nker nog vara det \u00e4ven under kv\u00e4llen. Ensam ska jag nog vara, ha tid f\u00f6r mig sj\u00e4lv&#8230; S\u00e5 sk\u00f6nt!<\/div>\n<div>Fr\u00e5n badrummet h\u00f6rs tv\u00e4ttmaskinens surrande, maten \u00e4r f\u00f6rberedd &#8211; bara att lagas. Snart t\u00e4nds \u00e5ter den timerstyrda lampan till akvariet och v\u00e5ra sm\u00e5 simmande v\u00e4nner vaknar till liv =)<\/div>\n<div>&nbsp;<\/div>\n<div>Jag hade turen att f\u00f6r n\u00e5tt \u00e5r sedan f\u00e5 delta i en sm\u00e4rthanteringsgrupp. (Oj jag trodde aldrig att jag skulle kunna skriva s\u00e5!) D\u00e4r fick vi ber\u00e4tta hur livet s\u00e5g ut f\u00f6r oss, m\u00f6ta andra i liknande sits och dela tips och r\u00e5d. Det ber\u00e4ttades \u00e4ven om hur b\u00e5de kropp och sj\u00e4l p\u00e5verkas av ett liv med sm\u00e4rta. <\/div>\n<div>&nbsp;<\/div>\n<div>Vi var inte m\u00e5nga i gruppen och tur var v\u00e4l det f\u00f6r det gav en k\u00e4nsla av samh\u00f6righet. D\u00e4r i rummet fanns en tyst, \u00f6msesidig f\u00f6rst\u00e5else. Ingen beh\u00f6vde dra n\u00e5gra invecklade f\u00f6rklaringar om hur livet k\u00e4ndes&#8230;. Vi visste, vi f\u00f6rstod och vi s\u00e5g varandras lidande&#8230;. Men&nbsp;\u00e4nd\u00e5 ocks\u00e5&nbsp;en \u00f6dmjukhet och tacksamhet till det liv vi hade.<\/div>\n<div>&nbsp;<\/div>\n<div>I g\u00e5r&nbsp;tr\u00e4ffade jag, av ren tillf\u00e4llighet, en \u00c4ngel fr\u00e5n gruppen&#8230;. S\u00e5 varm i hj\u00e4rtat blev jag av kramen jag fick och av att se \u00c4ngelns ansikte tyst tala om att livet v\u00e4nt till det b\u00e4ttre! <\/div>\n<div>&nbsp;<\/div>\n<div>Gl\u00e4djen jag s\u00e5g i \u00c4ngelns \u00f6gon och orden: <\/div>\n<div>&#8221;Du ser s\u00e5 fr\u00e4sch och v\u00e4lm\u00e5eende ut&#8221;, ja det \u00e4r&nbsp;n\u00e5got jag sent kommer att gl\u00f6mma!!!<\/div>\n<div>&nbsp;<\/div>\n<div align=\"center\"><a title=\"Eva Dahlgren - \u00c4ngeln i rummet\" href=\"http:\/\/www.youtube.com\/watch?v=V1Xxh8WUErE\" target=\"_blank\">Eva Dahlgren &#8211; \u00c4ngeln i rummet<\/a><\/div>\n<div>&nbsp;<\/div>\n<div>Ha en bra kv\u00e4ll!!<\/div>\n<div>\u00c4nglakramar!<\/div>\n","protected":false},"excerpt":{"rendered":"<p>Hall\u00e5 alla \u00c4nglar! Allt v\u00e4l i \u00c4nglapalatset i dag. &nbsp; Har varit hemma hela dagen i dag, t\u00e4nker nog vara det \u00e4ven under kv\u00e4llen. Ensam ska jag nog vara, ha tid f\u00f6r mig sj\u00e4lv&#8230; S\u00e5 sk\u00f6nt! Fr\u00e5n badrummet h\u00f6rs tv\u00e4ttmaskinens &hellip; <a href=\"https:\/\/blog.skruttet.com\/?p=760\">Forts\u00e4tt l\u00e4sa <span class=\"meta-nav\">&rarr;<\/span><\/a><\/p>\n","protected":false},"author":1,"featured_media":0,"comment_status":"open","ping_status":"open","sticky":false,"template":"","format":"standard","meta":[],"categories":[9],"tags":[],"_links":{"self":[{"href":"https:\/\/blog.skruttet.com\/index.php?rest_route=\/wp\/v2\/posts\/760"}],"collection":[{"href":"https:\/\/blog.skruttet.com\/index.php?rest_route=\/wp\/v2\/posts"}],"about":[{"href":"https:\/\/blog.skruttet.com\/index.php?rest_route=\/wp\/v2\/types\/post"}],"author":[{"embeddable":true,"href":"https:\/\/blog.skruttet.com\/index.php?rest_route=\/wp\/v2\/users\/1"}],"replies":[{"embeddable":true,"href":"https:\/\/blog.skruttet.com\/index.php?rest_route=%2Fwp%2Fv2%2Fcomments&post=760"}],"version-history":[{"count":0,"href":"https:\/\/blog.skruttet.com\/index.php?rest_route=\/wp\/v2\/posts\/760\/revisions"}],"wp:attachment":[{"href":"https:\/\/blog.skruttet.com\/index.php?rest_route=%2Fwp%2Fv2%2Fmedia&parent=760"}],"wp:term":[{"taxonomy":"category","embeddable":true,"href":"https:\/\/blog.skruttet.com\/index.php?rest_route=%2Fwp%2Fv2%2Fcategories&post=760"},{"taxonomy":"post_tag","embeddable":true,"href":"https:\/\/blog.skruttet.com\/index.php?rest_route=%2Fwp%2Fv2%2Ftags&post=760"}],"curies":[{"name":"wp","href":"https:\/\/api.w.org\/{rel}","templated":true}]}}