{"id":762,"date":"2009-01-31T10:16:42","date_gmt":"2009-01-31T08:16:42","guid":{"rendered":"http:\/\/underkl"},"modified":"2009-01-31T10:16:42","modified_gmt":"2009-01-31T08:16:42","slug":"underklader","status":"publish","type":"post","link":"https:\/\/blog.skruttet.com\/?p=762","title":{"rendered":"Underkl\u00e4der&#8230;."},"content":{"rendered":"<p><a href='http:\/\/bilder.bloggen.fi\/skruttet\/20090131101817.gif' rel='lytebox' title='bloggen.fi\/skruttet'><img src='http:\/\/bilder.bloggen.fi\/skruttet\/thumb_20090131101817.gif' border='0' style='float:right;padding:2px;margin:2px'><\/a><\/p>\n<div>Godmorgon alla \u00c4nglar!!<\/div>\n<div>Frukosten \u00e4r framdukad, kaffet \u00e4r kokat&#8230; I dag ska jag gj\u00f6ra n\u00e5got jag tycker mindre om att g\u00f6ra, nej jag fullkommligt hatar det!!!<\/div>\n<div>&nbsp;<\/div>\n<div>Jag ska handla underkl\u00e4der till dagen d\u00e5 jag st\u00e5r brud. <\/div>\n<div>Att behandlas med hormoner p\u00e5verkar m\u00e5nga g\u00e5nger bysten, den \u00e4ndras, den blir st\u00f6rre&#8230;.<\/div>\n<div>&nbsp;<\/div>\n<div>Jag var p\u00e5 s\u00e5dant uppdrag ig\u00e5r och det bem\u00f6tande jag fick g\u00f6r det hela inte b\u00e4ttre! Jag kan v\u00e4l inte r\u00e5 f\u00f6r att jag \u00e4r som jag \u00e4r och det m\u00e5 vara att jag inte har n\u00e5n fotomedells byst. Men det \u00e4r den enda jag har!<\/div>\n<div>&nbsp;<\/div>\n<div>Och trots att jag har byst modell n\u00e5got st\u00f6rre har jag all r\u00e4tt att se vacker ut, p\u00e5 en, vad som kommer att vara en bland dom st\u00f6rsta dagarna i mitt hittills drygt 30 \u00e5riga liv&#8230;. Jag vill imte ha n\u00e5gon mormors modell&#8230;. !!! Nog m\u00e5ste det ju finnas en modell med ett utseende som \u00e4ven yngre kvinnor trivs i??<\/div>\n<div>&nbsp;<\/div>\n<div>I dag g\u00e5r jag n\u00e5gon annanstans!! Jag ringde en dam med underkl\u00e4des butik. Hon svarade som om det skulle vara den naturligaste sak i v\u00e4rlden att s\u00e4kert ska vi hitta n\u00e5got&#8230;.=)<\/div>\n<div>&nbsp;<\/div>\n<div>Till henne g\u00e5r jag och tar en v\u00e4n med mig!!<\/div>\n<div>Nu ska skruttet bli fin &lt;3<\/div>\n","protected":false},"excerpt":{"rendered":"<p>Godmorgon alla \u00c4nglar!! Frukosten \u00e4r framdukad, kaffet \u00e4r kokat&#8230; I dag ska jag gj\u00f6ra n\u00e5got jag tycker mindre om att g\u00f6ra, nej jag fullkommligt hatar det!!! &nbsp; Jag ska handla underkl\u00e4der till dagen d\u00e5 jag st\u00e5r brud. Att behandlas med &hellip; <a href=\"https:\/\/blog.skruttet.com\/?p=762\">Forts\u00e4tt l\u00e4sa <span class=\"meta-nav\">&rarr;<\/span><\/a><\/p>\n","protected":false},"author":1,"featured_media":0,"comment_status":"open","ping_status":"open","sticky":false,"template":"","format":"standard","meta":[],"categories":[9],"tags":[],"_links":{"self":[{"href":"https:\/\/blog.skruttet.com\/index.php?rest_route=\/wp\/v2\/posts\/762"}],"collection":[{"href":"https:\/\/blog.skruttet.com\/index.php?rest_route=\/wp\/v2\/posts"}],"about":[{"href":"https:\/\/blog.skruttet.com\/index.php?rest_route=\/wp\/v2\/types\/post"}],"author":[{"embeddable":true,"href":"https:\/\/blog.skruttet.com\/index.php?rest_route=\/wp\/v2\/users\/1"}],"replies":[{"embeddable":true,"href":"https:\/\/blog.skruttet.com\/index.php?rest_route=%2Fwp%2Fv2%2Fcomments&post=762"}],"version-history":[{"count":0,"href":"https:\/\/blog.skruttet.com\/index.php?rest_route=\/wp\/v2\/posts\/762\/revisions"}],"wp:attachment":[{"href":"https:\/\/blog.skruttet.com\/index.php?rest_route=%2Fwp%2Fv2%2Fmedia&parent=762"}],"wp:term":[{"taxonomy":"category","embeddable":true,"href":"https:\/\/blog.skruttet.com\/index.php?rest_route=%2Fwp%2Fv2%2Fcategories&post=762"},{"taxonomy":"post_tag","embeddable":true,"href":"https:\/\/blog.skruttet.com\/index.php?rest_route=%2Fwp%2Fv2%2Ftags&post=762"}],"curies":[{"name":"wp","href":"https:\/\/api.w.org\/{rel}","templated":true}]}}