{"id":857,"date":"2009-09-03T00:31:48","date_gmt":"2009-09-02T22:31:48","guid":{"rendered":"http:\/\/om-jag-n"},"modified":"2009-09-03T00:31:48","modified_gmt":"2009-09-02T22:31:48","slug":"om-jag-nayngayn-finner-modet","status":"publish","type":"post","link":"https:\/\/blog.skruttet.com\/?p=857","title":{"rendered":"Om jag n\u00e5ng\u00e5n finner modet&#8230;."},"content":{"rendered":"<p><a title=\"bloggen.fi\/skruttet\" href=\"http:\/\/bilder.bloggen.fi\/skruttet\/20090903003207.jpg\" rel=\"lytebox\"><img border=\"0\" src=\"http:\/\/bilder.bloggen.fi\/skruttet\/thumb_20090903003207.jpg\"><\/a><\/p>\n<div>Godkv\u00e4ll alla \u00c4nglar!<br \/>I \u00c4nglapalatset \u00e4r det skymt i kv\u00e4ll&#8230; Ett ensamt ljus brinner p\u00e5 bordet i k\u00f6ket.<\/div>\n<div>Har p\u00e5 senaste tiden k\u00e4nt att jag inte haft n\u00e5gon f\u00f6rm\u00e5ga att skriva. Det har ingenting blivit n\u00e4r jag f\u00f6rs\u00f6kt formulera mig.<\/div>\n<div>&nbsp;<\/div>\n<div>Tycks ha s\u00e5dana preidoer d\u00e5 tankarna inte vill bli till ord, d\u00e5 jag \u00e4r lite halvt distr\u00e4, upptagen av saker som r\u00f6r sig i mitt huvud. Det \u00e4r r\u00e4tt typiskt att orden inte vill bildas till meningar just d\u00e5!! D\u00e5 skulle ju bloggen vara till s\u00e5 stor nytta!<\/div>\n<div>&nbsp;<\/div>\n<div>Har inte n\u00e4mnv\u00e4rt m\u00e5nga peridoder d\u00e5 jag gr\u00e5ter, men jag skrattar inte heller. \u00c4r nerv\u00f6s och urs\u00e4ktar mig s\u00e4lv och min exstens ibland. Har haft uppeh\u00e5ll med bes\u00f6ken hos \u00c4ngeln som nystar i mina tankar en tid nu. <\/div>\n<div>Det har varit nyttigt: d\u00e5 hinner man komma till insikt vad man beh\u00f6ver jobba med \u00e4nnu f\u00f6r att bli hel. Och som s\u00e5 m\u00e5nga g\u00e5nger f\u00f6rr konstaterar jag:<\/div>\n<div align=\"center\">\u00c4nnu \u00e4r jag inte klar!<\/div>\n<div align=\"center\">&nbsp;<\/div>\n<div align=\"left\">Men en skillnad finns&#8230;. Nu blir jag inte arg p\u00e5 mig sj\u00e4lv f\u00f6r att det \u00e4r s\u00e5&#8230;. Jag st\u00e4ller inte krav p\u00e5 mig sj\u00e4lv att det ska g\u00e5 fort att bli hel&#8230;. Utan accepterar det faktum att det \u00e4r mycket upplevelser och m\u00e5nga \u00e5r med sm\u00e4rta som ska bearbetas&#8230; Om jag riktigt t\u00e4nker efter s\u00e5 \u00e4r det f\u00f6rst nu som jag inser vilka konsekvenser alla sm\u00e4rtsamma behandlingar har gett.<\/div>\n<div align=\"left\">&nbsp;<\/div>\n<div align=\"left\">Jag \u00f6nskar och hoppas att jag n\u00e5gon g\u00e5ng finner modet och f\u00f6rm\u00e5gan att f\u00f6rklara direkt fr\u00e5n hj\u00e4rtat f\u00f6r n\u00e5gon v\u00e5rdande \u00c4ngel vad jag k\u00e4nner. Att det inte g\u00e5r en dag som jag undrar vad det \u00e4r som g\u00f6r ont i bland&#8230;<\/div>\n<div align=\"left\">Och varf\u00f6r det tog s\u00e5 l\u00e4nge innan jag togs p\u00e5 allvar&#8230;.<\/div>\n<div align=\"left\">&nbsp;<\/div>\n<div align=\"left\">Om jag finner det modet s\u00e5 kommer jag, att med t\u00e5rar i \u00f6gonen,<\/div>\n<div align=\"left\">&nbsp;b\u00f6na &amp; be&#8230;.<\/div>\n<div align=\"left\">&nbsp;<\/div>\n<div align=\"left\">VAKNA medan tid \u00e4r &#8211; behandla endometriosen i tid&#8230;. <\/div>\n<div align=\"left\">Ta sm\u00e4rtan p\u00e5 allvar!<\/div>\n<div align=\"left\">&nbsp;<\/div>\n<div align=\"left\">\u00c4nglakramar &amp; Godnatt!<\/div>\n<div align=\"left\">~ Skruttet ~<\/div>\n<div align=\"left\">&nbsp;<\/div>\n","protected":false},"excerpt":{"rendered":"<p>Godkv\u00e4ll alla \u00c4nglar!I \u00c4nglapalatset \u00e4r det skymt i kv\u00e4ll&#8230; Ett ensamt ljus brinner p\u00e5 bordet i k\u00f6ket. Har p\u00e5 senaste tiden k\u00e4nt att jag inte haft n\u00e5gon f\u00f6rm\u00e5ga att skriva. Det har ingenting blivit n\u00e4r jag f\u00f6rs\u00f6kt formulera mig. &nbsp; &hellip; <a href=\"https:\/\/blog.skruttet.com\/?p=857\">Forts\u00e4tt l\u00e4sa <span class=\"meta-nav\">&rarr;<\/span><\/a><\/p>\n","protected":false},"author":1,"featured_media":0,"comment_status":"open","ping_status":"open","sticky":false,"template":"","format":"standard","meta":[],"categories":[9],"tags":[],"_links":{"self":[{"href":"https:\/\/blog.skruttet.com\/index.php?rest_route=\/wp\/v2\/posts\/857"}],"collection":[{"href":"https:\/\/blog.skruttet.com\/index.php?rest_route=\/wp\/v2\/posts"}],"about":[{"href":"https:\/\/blog.skruttet.com\/index.php?rest_route=\/wp\/v2\/types\/post"}],"author":[{"embeddable":true,"href":"https:\/\/blog.skruttet.com\/index.php?rest_route=\/wp\/v2\/users\/1"}],"replies":[{"embeddable":true,"href":"https:\/\/blog.skruttet.com\/index.php?rest_route=%2Fwp%2Fv2%2Fcomments&post=857"}],"version-history":[{"count":0,"href":"https:\/\/blog.skruttet.com\/index.php?rest_route=\/wp\/v2\/posts\/857\/revisions"}],"wp:attachment":[{"href":"https:\/\/blog.skruttet.com\/index.php?rest_route=%2Fwp%2Fv2%2Fmedia&parent=857"}],"wp:term":[{"taxonomy":"category","embeddable":true,"href":"https:\/\/blog.skruttet.com\/index.php?rest_route=%2Fwp%2Fv2%2Fcategories&post=857"},{"taxonomy":"post_tag","embeddable":true,"href":"https:\/\/blog.skruttet.com\/index.php?rest_route=%2Fwp%2Fv2%2Ftags&post=857"}],"curies":[{"name":"wp","href":"https:\/\/api.w.org\/{rel}","templated":true}]}}