{"id":888,"date":"2010-09-28T12:22:52","date_gmt":"2010-09-28T09:22:52","guid":{"rendered":"http:\/\/bloggen.fi\/skruttet\/?p=888"},"modified":"2010-09-28T12:22:52","modified_gmt":"2010-09-28T09:22:52","slug":"saknaden-gor-mig-sorgsen","status":"publish","type":"post","link":"https:\/\/blog.skruttet.com\/?p=888","title":{"rendered":"Saknaden g\u00f6r mig sorgsen"},"content":{"rendered":"<p>Slog upp mina bl\u00e5 tidigt i dag. V\u00e4rlden utanf\u00f6r mitt f\u00f6nster var s\u00e5 otroligt vacker!<\/p>\n<p>Dimman l\u00e5g t\u00e4t \u00f6ver fj\u00e4rden, gr\u00e4set var t\u00e4ckt med rimfrost fr\u00e5n nattens kyla och solen kastade n\u00e5gra blygsamt v\u00e4rmande str\u00e5lar mellan tr\u00e4den. \u00a0En alldeles f\u00f6rtr\u00e4fflig b\u00f6rjan p\u00e5 en utomordentligt bra, alldeles vanlig tisdag i slutet av september.<\/p>\n<p>K\u00e4nner en saknad, en l\u00e4ngtan. Jag saknar mina k\u00e4ra v\u00e4nner och min familj n\u00e5got otroligt! B\u00e4r p\u00e5 en k\u00e4nsla av \u00e4cklig o\u00f6nskad ensamhet och finner mig inte tillr\u00e4tta i den nya staden. Brukar inte n\u00e5gra som helst sv\u00e5righeter att knyta kontakter. Men nu har jag det!<\/p>\n<p>Jag upplever folket i den nya staden som inbundna, v\u00e4ldigt reserverade och n\u00e4stan ovilliga eller r\u00e4dda att m\u00f6ta n\u00e5gon\/n\u00e5got nytt. Bekv\u00e4mt \u00e4r det som \u00e4r invant och vanligt.<\/p>\n<p>Men jag saknar&#8230; N\u00e5got s\u00e5 enkelt som n\u00e5gon att sm\u00e5prata med \u00f6ver en kopp kaffe p\u00e5 ett cafe\u00b4eller n\u00e5gon som undrar vilka den kommande helgens planer \u00e4r&#8230;.<\/p>\n<p>Jag \u00e4r den jag \u00e4r och kommer s\u00e5 att f\u00f6rbli! Det jag visar \u00e4r genuint och \u00e4rligt, finner lyckan i det lilla och enkla. K\u00e4nner gl\u00e4dje och uppskattar av hj\u00e4rtat det jag har!<\/p>\n<p>Men saknaden g\u00f6r mig sorgsen&#8230;..<\/p>\n<p><a href=\"http:\/\/www.youtube.com\/watch?v=MV-kzLZs650&amp;feature=channel\">Brad Paisley &#8211; I Wish You&#8217;d Stay<\/a><\/p>\n","protected":false},"excerpt":{"rendered":"<p>Slog upp mina bl\u00e5 tidigt i dag. V\u00e4rlden utanf\u00f6r mitt f\u00f6nster var s\u00e5 otroligt vacker! Dimman l\u00e5g t\u00e4t \u00f6ver fj\u00e4rden, gr\u00e4set var t\u00e4ckt med rimfrost fr\u00e5n nattens kyla och solen kastade n\u00e5gra blygsamt v\u00e4rmande str\u00e5lar mellan tr\u00e4den. \u00a0En alldeles f\u00f6rtr\u00e4fflig &hellip; <a href=\"https:\/\/blog.skruttet.com\/?p=888\">Forts\u00e4tt l\u00e4sa <span class=\"meta-nav\">&rarr;<\/span><\/a><\/p>\n","protected":false},"author":1,"featured_media":0,"comment_status":"open","ping_status":"open","sticky":false,"template":"","format":"standard","meta":[],"categories":[16],"tags":[],"_links":{"self":[{"href":"https:\/\/blog.skruttet.com\/index.php?rest_route=\/wp\/v2\/posts\/888"}],"collection":[{"href":"https:\/\/blog.skruttet.com\/index.php?rest_route=\/wp\/v2\/posts"}],"about":[{"href":"https:\/\/blog.skruttet.com\/index.php?rest_route=\/wp\/v2\/types\/post"}],"author":[{"embeddable":true,"href":"https:\/\/blog.skruttet.com\/index.php?rest_route=\/wp\/v2\/users\/1"}],"replies":[{"embeddable":true,"href":"https:\/\/blog.skruttet.com\/index.php?rest_route=%2Fwp%2Fv2%2Fcomments&post=888"}],"version-history":[{"count":0,"href":"https:\/\/blog.skruttet.com\/index.php?rest_route=\/wp\/v2\/posts\/888\/revisions"}],"wp:attachment":[{"href":"https:\/\/blog.skruttet.com\/index.php?rest_route=%2Fwp%2Fv2%2Fmedia&parent=888"}],"wp:term":[{"taxonomy":"category","embeddable":true,"href":"https:\/\/blog.skruttet.com\/index.php?rest_route=%2Fwp%2Fv2%2Fcategories&post=888"},{"taxonomy":"post_tag","embeddable":true,"href":"https:\/\/blog.skruttet.com\/index.php?rest_route=%2Fwp%2Fv2%2Ftags&post=888"}],"curies":[{"name":"wp","href":"https:\/\/api.w.org\/{rel}","templated":true}]}}