{"id":895,"date":"2010-10-01T20:41:07","date_gmt":"2010-10-01T17:41:07","guid":{"rendered":"http:\/\/bloggen.fi\/skruttet\/?p=895"},"modified":"2010-10-01T20:41:07","modified_gmt":"2010-10-01T17:41:07","slug":"en-fredag-i-hornet","status":"publish","type":"post","link":"https:\/\/blog.skruttet.com\/?p=895","title":{"rendered":"En fredag i h\u00f6rnet&#8230;."},"content":{"rendered":"<p>Fredag!<\/p>\n<p>Ah, s\u00e5 sk\u00f6nt! Inget speciellt har skett i dag, det har bara varit en alldeles vanlig, bra fredag i dag. Musiken str\u00f6mmar ut ur h\u00f6gtalarna, s\u00e5 vackert, s\u00e5 rofyllt! I \u00f6vrigt \u00e4r det lugnt och stilla i v\u00e5rt vackra hem, v\u00e5r \u00c4nglag\u00e5rd.<\/p>\n<p>Ett dovt brummande ljud h\u00f6rs fr\u00e5n pumpen i det lilla akvariet h\u00e4r i det h\u00f6rn som har blivit n\u00e5got av ett favorith\u00f6rn p\u00e5 sistone, h\u00e4r tillbringas tiden ofta d\u00e5 inga andra m\u00e5sten finns. H\u00e4r i det lilla h\u00f6rnet finns alltid tillg\u00e5ng till papper och penna, musik och nu brinner sj\u00e4lvfallet ocks\u00e5 levande ljus.<\/p>\n<p>\u00c4r lika, eller om m\u00f6jligt \u00e4n mer ljusfr\u00e4lst som f\u00f6rr. Levande ljus \u00a0skapar ett inre lugn! Redan innan vi b\u00f6rjade inreda v\u00e5r \u00c4nglag\u00e5rd hade jag klart f\u00f6r mig att det skulle finnas m\u00e5nga avst\u00e4llningsytor f\u00f6r ljus i diverse former och h\u00f6jder. \u00a0Ljuset v\u00e4cker skaparlusten i mig.<\/p>\n<p>Det lilla ljuset, med vackert sken<br \/>\nskapar s\u00e5n st\u00e4mning, skapar s\u00e5n ro<br \/>\nDet sprider v\u00e4rme och symboliserar k\u00e4rlek i ditt lilla bo<\/p>\n<p>Det lilla ljuset, med vackert sken<br \/>\nBetyder v\u00e4nskap, betyder hopp<br \/>\nDet brinner vackert i b\u00e5de stake o kopp<\/p>\n<p>Det lilla ljuset, med vackert sken<br \/>\nV\u00e4rmer hj\u00e4rtat, v\u00e4rmer sj\u00e4len<br \/>\nDet st\u00e5r f\u00f6r den l\u00e4kande delen.<\/p>\n<p>(Skruttet 1.10.10)<\/p>\n<p><a href=\"http:\/\/www.youtube.com\/watch?v=j2VNo0YskiU&amp;feature=related\">Molly Sand\u00e9n &#8211; S\u00e5 vill Stj\u00e4rnorna (Studioversionen) Melodifestivalen 2009<\/a><\/p>\n","protected":false},"excerpt":{"rendered":"<p>Fredag! Ah, s\u00e5 sk\u00f6nt! Inget speciellt har skett i dag, det har bara varit en alldeles vanlig, bra fredag i dag. Musiken str\u00f6mmar ut ur h\u00f6gtalarna, s\u00e5 vackert, s\u00e5 rofyllt! I \u00f6vrigt \u00e4r det lugnt och stilla i v\u00e5rt vackra &hellip; <a href=\"https:\/\/blog.skruttet.com\/?p=895\">Forts\u00e4tt l\u00e4sa <span class=\"meta-nav\">&rarr;<\/span><\/a><\/p>\n","protected":false},"author":1,"featured_media":0,"comment_status":"open","ping_status":"open","sticky":false,"template":"","format":"standard","meta":[],"categories":[1,16],"tags":[],"_links":{"self":[{"href":"https:\/\/blog.skruttet.com\/index.php?rest_route=\/wp\/v2\/posts\/895"}],"collection":[{"href":"https:\/\/blog.skruttet.com\/index.php?rest_route=\/wp\/v2\/posts"}],"about":[{"href":"https:\/\/blog.skruttet.com\/index.php?rest_route=\/wp\/v2\/types\/post"}],"author":[{"embeddable":true,"href":"https:\/\/blog.skruttet.com\/index.php?rest_route=\/wp\/v2\/users\/1"}],"replies":[{"embeddable":true,"href":"https:\/\/blog.skruttet.com\/index.php?rest_route=%2Fwp%2Fv2%2Fcomments&post=895"}],"version-history":[{"count":0,"href":"https:\/\/blog.skruttet.com\/index.php?rest_route=\/wp\/v2\/posts\/895\/revisions"}],"wp:attachment":[{"href":"https:\/\/blog.skruttet.com\/index.php?rest_route=%2Fwp%2Fv2%2Fmedia&parent=895"}],"wp:term":[{"taxonomy":"category","embeddable":true,"href":"https:\/\/blog.skruttet.com\/index.php?rest_route=%2Fwp%2Fv2%2Fcategories&post=895"},{"taxonomy":"post_tag","embeddable":true,"href":"https:\/\/blog.skruttet.com\/index.php?rest_route=%2Fwp%2Fv2%2Ftags&post=895"}],"curies":[{"name":"wp","href":"https:\/\/api.w.org\/{rel}","templated":true}]}}