{"id":926,"date":"2010-10-16T12:06:29","date_gmt":"2010-10-16T09:06:29","guid":{"rendered":"http:\/\/bloggen.fi\/skruttet\/?p=926"},"modified":"2010-10-16T12:06:29","modified_gmt":"2010-10-16T09:06:29","slug":"tre","status":"publish","type":"post","link":"https:\/\/blog.skruttet.com\/?p=926","title":{"rendered":"Tre?"},"content":{"rendered":"<p>L\u00f6rdag i dag =) En sk\u00f6n dag! En bra dag!<\/p>\n<p>I g\u00e5r var en speciell dag, vi m\u00f6tte n\u00e5gon med ett ett alldeles speciellt uppdrag. Uppdraget att ge oss adoptionsr\u00e5dgivning =) Vi har allts\u00e5 p\u00e5b\u00f6rjat den l\u00e5nga, och nog m\u00e5nga g\u00e5nger p\u00e5frestande process, som adoption \u00e4r.<\/p>\n<p>Att p\u00e5b\u00f6rja denna process inneb\u00e4r en massa tankar och k\u00e4nslor, det finns ingen som helst garanti f\u00f6r att man f\u00e5r ett barn, och mitt medf\u00f6dda funktionshinder KAN utg\u00f6ra hinder f\u00f6r adoptionen. Det \u00e4r vi v\u00e4l inf\u00f6rst\u00e5dda med, men vi har \u00e4nd\u00e5 valt att forts\u00e4tta g\u00e5 r\u00e5dgivningen.<\/p>\n<p>F\u00f6r b\u00e4ttre \u00e4r att v\u00e5ga f\u00f6rs\u00f6ka och vara inf\u00f6rst\u00e5dd med risken om att f\u00e5 ett nekande till svar. \u00c4n att g\u00e5 och undra, v\u00e5ndas och t\u00e4nka&#8230; T\u00e4nk om&#8230; Om vi \u00e4nd\u00e5 hade&#8230; <\/p>\n<p><a href=\"http:\/\/www.skruttet.com\/blog\/wp-content\/uploads\/2010\/10\/healthcare_main.jpg\"><img loading=\"lazy\" src=\"http:\/\/www.skruttet.com\/blog\/wp-content\/uploads\/2010\/10\/healthcare_main-300x300.jpg\" alt=\"\" width=\"300\" height=\"300\" class=\"alignleft size-medium wp-image-928\" srcset=\"https:\/\/blog.skruttet.com\/wp-content\/uploads\/2010\/10\/healthcare_main-300x300.jpg 300w, https:\/\/blog.skruttet.com\/wp-content\/uploads\/2010\/10\/healthcare_main-150x150.jpg 150w, https:\/\/blog.skruttet.com\/wp-content\/uploads\/2010\/10\/healthcare_main.jpg 508w\" sizes=\"(max-width: 300px) 100vw, 300px\" \/><\/a>Vi tar en sak i taget&#8230; Vi tror och vi hoppas p\u00e5&#8230; Att en dag finns det ett mindre skrutt h\u00e4r i \u00c4nglag\u00e5rden =)<\/p>\n<p>Ett skrutt som kallar oss f\u00f6r mamma och pappa&#8230;.. &lt;3 <\/p>\n","protected":false},"excerpt":{"rendered":"<p>L\u00f6rdag i dag =) En sk\u00f6n dag! En bra dag! I g\u00e5r var en speciell dag, vi m\u00f6tte n\u00e5gon med ett ett alldeles speciellt uppdrag. Uppdraget att ge oss adoptionsr\u00e5dgivning =) Vi har allts\u00e5 p\u00e5b\u00f6rjat den l\u00e5nga, och nog m\u00e5nga &hellip; <a href=\"https:\/\/blog.skruttet.com\/?p=926\">Forts\u00e4tt l\u00e4sa <span class=\"meta-nav\">&rarr;<\/span><\/a><\/p>\n","protected":false},"author":1,"featured_media":0,"comment_status":"open","ping_status":"open","sticky":false,"template":"","format":"standard","meta":[],"categories":[3],"tags":[],"_links":{"self":[{"href":"https:\/\/blog.skruttet.com\/index.php?rest_route=\/wp\/v2\/posts\/926"}],"collection":[{"href":"https:\/\/blog.skruttet.com\/index.php?rest_route=\/wp\/v2\/posts"}],"about":[{"href":"https:\/\/blog.skruttet.com\/index.php?rest_route=\/wp\/v2\/types\/post"}],"author":[{"embeddable":true,"href":"https:\/\/blog.skruttet.com\/index.php?rest_route=\/wp\/v2\/users\/1"}],"replies":[{"embeddable":true,"href":"https:\/\/blog.skruttet.com\/index.php?rest_route=%2Fwp%2Fv2%2Fcomments&post=926"}],"version-history":[{"count":0,"href":"https:\/\/blog.skruttet.com\/index.php?rest_route=\/wp\/v2\/posts\/926\/revisions"}],"wp:attachment":[{"href":"https:\/\/blog.skruttet.com\/index.php?rest_route=%2Fwp%2Fv2%2Fmedia&parent=926"}],"wp:term":[{"taxonomy":"category","embeddable":true,"href":"https:\/\/blog.skruttet.com\/index.php?rest_route=%2Fwp%2Fv2%2Fcategories&post=926"},{"taxonomy":"post_tag","embeddable":true,"href":"https:\/\/blog.skruttet.com\/index.php?rest_route=%2Fwp%2Fv2%2Ftags&post=926"}],"curies":[{"name":"wp","href":"https:\/\/api.w.org\/{rel}","templated":true}]}}