{"id":975,"date":"2011-01-18T21:34:30","date_gmt":"2011-01-18T19:34:30","guid":{"rendered":"http:\/\/bloggen.fi\/skruttet\/?p=975"},"modified":"2011-01-18T21:34:30","modified_gmt":"2011-01-18T19:34:30","slug":"hemutredning","status":"publish","type":"post","link":"https:\/\/blog.skruttet.com\/?p=975","title":{"rendered":"Hemutredning&#8230;"},"content":{"rendered":"<p>Hej hall\u00e5!<\/p>\n<p>F\u00f6r n\u00e5gon kv\u00e4ll sedan satt jag och bl\u00e4ddrade i gamla skriverier. Snubblade p\u00e5 texter jag skrivit om l\u00e4ngtan efter ett barn. S\u00e5 mycket tankar, b\u00e5de djupa och mindre djupa. Hade skrivit n\u00e5gra inl\u00e4gg som ber\u00f6rde m\u00f6jligheten till adoption, dessa inl\u00e4gg gav hj\u00e4rtat en speciell k\u00e4nsla.<\/p>\n<p>Fick mig att minnas hur avl\u00e4gsen en hemutredning k\u00e4ndes d\u00e5, som en blek skugga n\u00e5gonstans l\u00e5ngt bort i fj\u00e4rran&#8230;.<\/p>\n<p>Nu \u00e4r vi mitt i den, hemutredningen. Och under denh\u00e4r veckan \u00e4r det dags f\u00f6r tr\u00e4ff igen. Var fj\u00e4rde vecka har vi tr\u00e4ffats. Mellan dessa tr\u00e4ffar ska olika uppgifter g\u00f6ras och diverse intyg ska skaffas. En m\u00e5nads mellanrum kan tyckas on\u00f6digt l\u00e5ngt, men det \u00e4r det enl mig inte! Med uppgifterna f\u00f6ljer s\u00e5 mycket tankar och k\u00e4nslor som kr\u00e4ver eftertanke. Kr\u00e4ver mognad! \u00a0Tid f\u00f6r eftertanke och reflektioner utg\u00f6r en viktig del i processen.<\/p>\n<p><a href=\"http:\/\/www.skruttet.com\/blog\/wp-content\/uploads\/2011\/01\/family-of-shadows.jpg\"><img loading=\"lazy\" class=\"alignright size-medium wp-image-977\" src=\"http:\/\/www.skruttet.com\/blog\/wp-content\/uploads\/2011\/01\/family-of-shadows-300x199.jpg\" alt=\"\" width=\"300\" height=\"199\" srcset=\"https:\/\/blog.skruttet.com\/wp-content\/uploads\/2011\/01\/family-of-shadows-300x199.jpg 300w, https:\/\/blog.skruttet.com\/wp-content\/uploads\/2011\/01\/family-of-shadows-452x300.jpg 452w, https:\/\/blog.skruttet.com\/wp-content\/uploads\/2011\/01\/family-of-shadows.jpg 600w\" sizes=\"(max-width: 300px) 100vw, 300px\" \/><\/a>N\u00e4r man v\u00e4l har beslutat sig f\u00f6r att man vill adoptera \u00e4r hemutredningen det som kan ses som startskottet i sj\u00e4lva processen. Utredningen st\u00e5r som grund f\u00f6r att man ska f\u00e5 ans\u00f6ka om adoption. D\u00e5 unders\u00f6ks saker som ekonomi, familjef\u00f6rh\u00e5llanden, det egna \u00e4ktenskapet och f\u00f6rm\u00e5ga att l\u00f6sa ev. kriser och konflikter. Men \u00e4ven hemmilj\u00f6 och omgivningen kring den.<\/p>\n<p>Utredningen skickas sedan till en n\u00e4mnd som avg\u00f6r om man \u00e4r l\u00e4mplig som adoptiv f\u00f6r\u00e4lder eller inte. Men \u00e4ven om man skulle anses som l\u00e4mplig s\u00e5 \u00e4r det ingen garanti f\u00f6r att man f\u00e5r ett barn.<\/p>\n<p>Vi kommer ocks\u00e5 att g\u00e5 en f\u00f6rberedande kurs f\u00f6r Adoptiv f\u00f6r\u00e4ldrar n\u00e4r en s\u00e5dan ordnas p\u00e5 svenska. Sk\u00f6nt att tr\u00e4ffa andra i liknande situation! Det rekommenderas att man g\u00e5r den. Det tycker jag \u00e4r bra!<\/p>\n<p>Lika viktigt som det \u00e4r att f\u00f6rst\u00e5 hur omfattande en adoptionsprocess \u00e4r, s\u00e5 \u00e4r att livet i sig sj\u00e4lvt rullar p\u00e5&#8230; Den vackra vardagen med rutiner, m\u00e5sten och guldkorn \u00e4r guld v\u00e4rd!<\/p>\n<p>\u00c4nglakramar!<\/p>\n","protected":false},"excerpt":{"rendered":"<p>Hej hall\u00e5! F\u00f6r n\u00e5gon kv\u00e4ll sedan satt jag och bl\u00e4ddrade i gamla skriverier. Snubblade p\u00e5 texter jag skrivit om l\u00e4ngtan efter ett barn. S\u00e5 mycket tankar, b\u00e5de djupa och mindre djupa. Hade skrivit n\u00e5gra inl\u00e4gg som ber\u00f6rde m\u00f6jligheten till adoption, &hellip; <a href=\"https:\/\/blog.skruttet.com\/?p=975\">Forts\u00e4tt l\u00e4sa <span class=\"meta-nav\">&rarr;<\/span><\/a><\/p>\n","protected":false},"author":1,"featured_media":0,"comment_status":"open","ping_status":"open","sticky":false,"template":"","format":"standard","meta":[],"categories":[3,16],"tags":[],"_links":{"self":[{"href":"https:\/\/blog.skruttet.com\/index.php?rest_route=\/wp\/v2\/posts\/975"}],"collection":[{"href":"https:\/\/blog.skruttet.com\/index.php?rest_route=\/wp\/v2\/posts"}],"about":[{"href":"https:\/\/blog.skruttet.com\/index.php?rest_route=\/wp\/v2\/types\/post"}],"author":[{"embeddable":true,"href":"https:\/\/blog.skruttet.com\/index.php?rest_route=\/wp\/v2\/users\/1"}],"replies":[{"embeddable":true,"href":"https:\/\/blog.skruttet.com\/index.php?rest_route=%2Fwp%2Fv2%2Fcomments&post=975"}],"version-history":[{"count":0,"href":"https:\/\/blog.skruttet.com\/index.php?rest_route=\/wp\/v2\/posts\/975\/revisions"}],"wp:attachment":[{"href":"https:\/\/blog.skruttet.com\/index.php?rest_route=%2Fwp%2Fv2%2Fmedia&parent=975"}],"wp:term":[{"taxonomy":"category","embeddable":true,"href":"https:\/\/blog.skruttet.com\/index.php?rest_route=%2Fwp%2Fv2%2Fcategories&post=975"},{"taxonomy":"post_tag","embeddable":true,"href":"https:\/\/blog.skruttet.com\/index.php?rest_route=%2Fwp%2Fv2%2Ftags&post=975"}],"curies":[{"name":"wp","href":"https:\/\/api.w.org\/{rel}","templated":true}]}}