{"id":980,"date":"2011-03-15T15:35:49","date_gmt":"2011-03-15T13:35:49","guid":{"rendered":"http:\/\/bloggen.fi\/skruttet\/?p=980"},"modified":"2011-03-15T15:35:49","modified_gmt":"2011-03-15T13:35:49","slug":"arsdag","status":"publish","type":"post","link":"https:\/\/blog.skruttet.com\/?p=980","title":{"rendered":"\u00c5rsdag&#8230;.."},"content":{"rendered":"<p><a href=\"http:\/\/www.skruttet.com\/blog\/wp-content\/uploads\/2011\/03\/nglab\u00e4dden.jpg\"><img loading=\"lazy\" src=\"http:\/\/www.skruttet.com\/blog\/wp-content\/uploads\/2011\/03\/nglab\u00e4dden.jpg\" alt=\"\" width=\"123\" height=\"142\" class=\"alignright size-full wp-image-985\" \/><\/a>Hej hall\u00e5!<\/p>\n<p>Jag tittar p\u00e5 kalendern som h\u00e4nger p\u00e5 v\u00e4ggen, 15.3 s\u00e4ger den. Det sticker till i hj\u00e4rtat. Det v\u00e4ller upp en massa k\u00e4nslor&#8230;  Massa minnen.<br \/>\nI \u00e4r det \u00e5rs dag sedan jag f\u00f6r n\u00e5gra timmar vilade p\u00e5 b\u00e4dden av sk\u00f6na, mjuka \u00c4nglavingar.<br \/>\nI dag \u00e4r det \u00e5rsdag sedan den underbara, d\u00e5 studiepraktiserande, v\u00e5rdande \u00c4ngel lugnande str\u00f6k bort mina t\u00e5rar innan jag somnade in.<br \/>\nI dag \u00e4r det \u00e5rsdag sedan det opererande \u00c4nglateamet bar mig fram till sm\u00e4rtfriheten i \u00c4ngelns rike.<\/p>\n<p>Idag \u00e4r det 4 \u00e5r sedan jag genomgick Hysterektomi, n\u00e4r livmodern togs bort.<\/p>\n<p>Helt sm\u00e4rtfri blev\/\u00e4r jag ju inte. Men det blev MYCKET b\u00e4ttre.<br \/>\nS\u00e5 idag firar vi! I dag \u00e4ter vi t\u00e5rta och minns dagen som f\u00f6r\u00e4ndrade mitt liv =)<\/p>\n<p>\u00c4nglakramar!  <\/p>\n<p><a href='http:\/\/www.youtube.com\/watch?v=0IA3ZvCkRkQ'>Mariah Carey &#8211; Hero<\/a><\/p>\n","protected":false},"excerpt":{"rendered":"<p>Hej hall\u00e5! Jag tittar p\u00e5 kalendern som h\u00e4nger p\u00e5 v\u00e4ggen, 15.3 s\u00e4ger den. Det sticker till i hj\u00e4rtat. Det v\u00e4ller upp en massa k\u00e4nslor&#8230; Massa minnen. I \u00e4r det \u00e5rs dag sedan jag f\u00f6r n\u00e5gra timmar vilade p\u00e5 b\u00e4dden av &hellip; <a href=\"https:\/\/blog.skruttet.com\/?p=980\">Forts\u00e4tt l\u00e4sa <span class=\"meta-nav\">&rarr;<\/span><\/a><\/p>\n","protected":false},"author":1,"featured_media":0,"comment_status":"open","ping_status":"open","sticky":false,"template":"","format":"standard","meta":[],"categories":[11,16],"tags":[],"_links":{"self":[{"href":"https:\/\/blog.skruttet.com\/index.php?rest_route=\/wp\/v2\/posts\/980"}],"collection":[{"href":"https:\/\/blog.skruttet.com\/index.php?rest_route=\/wp\/v2\/posts"}],"about":[{"href":"https:\/\/blog.skruttet.com\/index.php?rest_route=\/wp\/v2\/types\/post"}],"author":[{"embeddable":true,"href":"https:\/\/blog.skruttet.com\/index.php?rest_route=\/wp\/v2\/users\/1"}],"replies":[{"embeddable":true,"href":"https:\/\/blog.skruttet.com\/index.php?rest_route=%2Fwp%2Fv2%2Fcomments&post=980"}],"version-history":[{"count":0,"href":"https:\/\/blog.skruttet.com\/index.php?rest_route=\/wp\/v2\/posts\/980\/revisions"}],"wp:attachment":[{"href":"https:\/\/blog.skruttet.com\/index.php?rest_route=%2Fwp%2Fv2%2Fmedia&parent=980"}],"wp:term":[{"taxonomy":"category","embeddable":true,"href":"https:\/\/blog.skruttet.com\/index.php?rest_route=%2Fwp%2Fv2%2Fcategories&post=980"},{"taxonomy":"post_tag","embeddable":true,"href":"https:\/\/blog.skruttet.com\/index.php?rest_route=%2Fwp%2Fv2%2Ftags&post=980"}],"curies":[{"name":"wp","href":"https:\/\/api.w.org\/{rel}","templated":true}]}}